{"id":86822,"date":"2026-02-10T18:54:40","date_gmt":"2026-02-10T15:54:40","guid":{"rendered":"https:\/\/www.egemtv.com\/?p=86822"},"modified":"2026-02-10T18:54:41","modified_gmt":"2026-02-10T15:54:41","slug":"milletvekili-ahmet-erbastan-kutahyaspora-500-bin-liralik-destek","status":"publish","type":"post","link":"https:\/\/www.egemtv.com\/?p=86822","title":{"rendered":"Milletvekili Ahmet Erba\u015f\u2019tan K\u00fctahyaspor\u2019a 500 bin liral\u0131k destek"},"content":{"rendered":"<p>TFF 3. Lig 4. Grup\u2019ta \u015fampiyonluk m\u00fccadelesi veren K\u00fctahyaspor\u2019a, MHP K\u00fctahya Milletvekili Ahmet Erba\u015f\u2019\u0131n destekleri devam ediyor.<br \/>\n<br \/>MHP K\u00fctahya Milletvekili Ahmet Erba\u015f, K\u00fctahyaspor\u2019un hayata ge\u00e7irdi\u011fi &#8220;60. Y\u0131l gururu, 60 bin \u00e7ocu\u011fun mutlulu\u011fu&#8221; projesine katk\u0131 sa\u011flamak amac\u0131yla 500 \u00e7ocu\u011fa forma da\u011f\u0131t\u0131lmas\u0131 i\u00e7in 500 bin lira ba\u011f\u0131\u015fta bulundu.<br \/>\n<br \/>Ge\u00e7ti\u011fimiz g\u00fcnlerde K\u00fctahyaspor y\u00f6netimiyle bir araya gelen Milletvekili Erba\u015f, \u015fampiyonluk yolunda tak\u0131m\u0131n son durumu hakk\u0131nda bilgi ald\u0131. Daha \u00f6nce de kul\u00fcbe \u00e7e\u015fitli maddi desteklerde bulunan ve taraftarlar i\u00e7in deplasman otob\u00fcs\u00fc deste\u011fi sa\u011flayan Erba\u015f, bu kez deste\u011fini \u00e7ocuklara ve gen\u00e7lere y\u00f6nelik projeye verdi.<br \/>\n<br \/>Milletvekili Ahmet Erba\u015f, &#8220;60. Y\u0131l gururu, 60 bin \u00e7ocu\u011fun mutlulu\u011fu&#8221; projesi kapsam\u0131nda yap\u0131lacak forma da\u011f\u0131t\u0131m\u0131na destek olunmas\u0131 \u00e7a\u011fr\u0131s\u0131nda bulunarak, \u00e7ocuklar\u0131n ve gen\u00e7lerin K\u00fctahyaspor sevgisiyle bulu\u015fmas\u0131n\u0131n \u00f6nemine dikkat \u00e7ekti.<br \/>\n<br \/>Yap\u0131lan 500 bin liral\u0131k ba\u011f\u0131\u015f\u0131n, 500 \u00e7ocu\u011fa forma ula\u015ft\u0131r\u0131lmas\u0131 amac\u0131yla kullan\u0131laca\u011f\u0131 bildirildi.<br \/><\/p>\n","protected":false},"excerpt":{"rendered":"<p>TFF 3. Lig 4. Grup\u2019ta \u015fampiyonluk m\u00fccadelesi veren K\u00fctahyaspor\u2019a, MHP K\u00fctahya Milletvekili Ahmet Erba\u015f\u2019\u0131n destekleri devam ediyor. MHP K\u00fctahya Milletvekili Ahmet Erba\u015f, K\u00fctahyaspor\u2019un hayata ge\u00e7irdi\u011fi &#8220;60. Y\u0131l gururu, 60 bin \u00e7ocu\u011fun mutlulu\u011fu&#8221; projesine katk\u0131 sa\u011flamak amac\u0131yla 500 \u00e7ocu\u011fa forma da\u011f\u0131t\u0131lmas\u0131 i\u00e7in 500 bin lira ba\u011f\u0131\u015fta bulundu. Ge\u00e7ti\u011fimiz g\u00fcnlerde K\u00fctahyaspor y\u00f6netimiyle bir araya gelen Milletvekili Erba\u015f,&#8230;<\/p>\n","protected":false},"author":1,"featured_media":86823,"comment_status":"open","ping_status":"open","sticky":false,"template":"","format":"standard","meta":{"_crdt_document":"","footnotes":""},"categories":[4],"tags":[],"class_list":["post-86822","post","type-post","status-publish","format-standard","has-post-thumbnail","hentry","category-spor"],"_links":{"self":[{"href":"https:\/\/www.egemtv.com\/index.php?rest_route=\/wp\/v2\/posts\/86822","targetHints":{"allow":["GET"]}}],"collection":[{"href":"https:\/\/www.egemtv.com\/index.php?rest_route=\/wp\/v2\/posts"}],"about":[{"href":"https:\/\/www.egemtv.com\/index.php?rest_route=\/wp\/v2\/types\/post"}],"author":[{"embeddable":true,"href":"https:\/\/www.egemtv.com\/index.php?rest_route=\/wp\/v2\/users\/1"}],"replies":[{"embeddable":true,"href":"https:\/\/www.egemtv.com\/index.php?rest_route=%2Fwp%2Fv2%2Fcomments&post=86822"}],"version-history":[{"count":1,"href":"https:\/\/www.egemtv.com\/index.php?rest_route=\/wp\/v2\/posts\/86822\/revisions"}],"predecessor-version":[{"id":86824,"href":"https:\/\/www.egemtv.com\/index.php?rest_route=\/wp\/v2\/posts\/86822\/revisions\/86824"}],"wp:featuredmedia":[{"embeddable":true,"href":"https:\/\/www.egemtv.com\/index.php?rest_route=\/wp\/v2\/media\/86823"}],"wp:attachment":[{"href":"https:\/\/www.egemtv.com\/index.php?rest_route=%2Fwp%2Fv2%2Fmedia&parent=86822"}],"wp:term":[{"taxonomy":"category","embeddable":true,"href":"https:\/\/www.egemtv.com\/index.php?rest_route=%2Fwp%2Fv2%2Fcategories&post=86822"},{"taxonomy":"post_tag","embeddable":true,"href":"https:\/\/www.egemtv.com\/index.php?rest_route=%2Fwp%2Fv2%2Ftags&post=86822"}],"curies":[{"name":"wp","href":"https:\/\/api.w.org\/{rel}","templated":true}]}}