{"id":86819,"date":"2026-02-10T18:35:08","date_gmt":"2026-02-10T15:35:08","guid":{"rendered":"https:\/\/www.egemtv.com\/?p=86819"},"modified":"2026-02-10T18:35:08","modified_gmt":"2026-02-10T15:35:08","slug":"marmariste-2026-egitim-yatirimlari-icin-toplanti-yapildi","status":"publish","type":"post","link":"https:\/\/www.egemtv.com\/?p=86819","title":{"rendered":"Marmaris\u2019te 2026 e\u011fitim yat\u0131r\u0131mlar\u0131 i\u00e7in toplant\u0131 yap\u0131ld\u0131"},"content":{"rendered":"<p>Mu\u011fla Vali Yard\u0131mc\u0131s\u0131 \u0130smail Soykan ve Marmaris Kaymakam\u0131 Nurullah Kaya\u2019n\u0131n ba\u015fkanl\u0131\u011f\u0131nda, Milli E\u011fitim Bakanl\u0131\u011f\u0131 taraf\u0131ndan 2026 y\u0131l\u0131nda ger\u00e7ekle\u015ftirilmesi planlanan e\u011fitim yat\u0131r\u0131mlar\u0131 kapsam\u0131nda arsa belirleme ve arazi \u00e7al\u0131\u015fmalar\u0131 de\u011ferlendirilmek \u00fczere bir toplant\u0131 d\u00fczenlendi.<\/p>\n<p>Toplant\u0131da, Mu\u011fla \u00c7evre, \u015eehircilik ve \u0130klim De\u011fi\u015fikli\u011fi \u0130l M\u00fcd\u00fcr\u00fc \u00d6mer Bolat ile \u0130l Milli E\u011fitim M\u00fcd\u00fcr\u00fc Emre \u00c7ay\u2019\u0131n yan\u0131 s\u0131ra ilgili kurumlar\u0131n il ve il\u00e7e m\u00fcd\u00fcrleri de haz\u0131r bulundu. G\u00fcndemde, planlanan e\u011fitim yat\u0131r\u0131mlar\u0131 i\u00e7in uygun alanlar\u0131n tespiti, bu alanlar\u0131n imar durumlar\u0131, m\u00fclkiyet yap\u0131lar\u0131 ve di\u011fer hukuki s\u00fcre\u00e7ler yer ald\u0131. Mill\u00ee E\u011fitim Bakanl\u0131\u011f\u0131 taraf\u0131ndan y\u00fcr\u00fct\u00fclen arazi tespit \u00e7al\u0131\u015fmalar\u0131na ili\u015fkin s\u00fcre\u00e7 hakk\u0131nda bilgi payla\u015f\u0131ld\u0131. Toplant\u0131da kurumlar aras\u0131 i\u015f birli\u011fi ve koordinasyonun \u00f6nemi vurguland\u0131. D\u00fczenlenen bu toplant\u0131n\u0131n, Marmaris\u2019in e\u011fitim altyap\u0131s\u0131n\u0131n g\u00fc\u00e7lendirilmesine katk\u0131 sa\u011flamas\u0131 hedefleniyor.<br \/><\/p>\n","protected":false},"excerpt":{"rendered":"<p>Mu\u011fla Vali Yard\u0131mc\u0131s\u0131 \u0130smail Soykan ve Marmaris Kaymakam\u0131 Nurullah Kaya\u2019n\u0131n ba\u015fkanl\u0131\u011f\u0131nda, Milli E\u011fitim Bakanl\u0131\u011f\u0131 taraf\u0131ndan 2026 y\u0131l\u0131nda ger\u00e7ekle\u015ftirilmesi planlanan e\u011fitim yat\u0131r\u0131mlar\u0131 kapsam\u0131nda arsa belirleme ve arazi \u00e7al\u0131\u015fmalar\u0131 de\u011ferlendirilmek \u00fczere bir toplant\u0131 d\u00fczenlendi. Toplant\u0131da, Mu\u011fla \u00c7evre, \u015eehircilik ve \u0130klim De\u011fi\u015fikli\u011fi \u0130l M\u00fcd\u00fcr\u00fc \u00d6mer Bolat ile \u0130l Milli E\u011fitim M\u00fcd\u00fcr\u00fc Emre \u00c7ay\u2019\u0131n yan\u0131 s\u0131ra ilgili kurumlar\u0131n il&#8230;<\/p>\n","protected":false},"author":1,"featured_media":86820,"comment_status":"open","ping_status":"open","sticky":false,"template":"","format":"standard","meta":{"_crdt_document":"","footnotes":""},"categories":[1],"tags":[],"class_list":["post-86819","post","type-post","status-publish","format-standard","has-post-thumbnail","hentry","category-guncel"],"_links":{"self":[{"href":"https:\/\/www.egemtv.com\/index.php?rest_route=\/wp\/v2\/posts\/86819","targetHints":{"allow":["GET"]}}],"collection":[{"href":"https:\/\/www.egemtv.com\/index.php?rest_route=\/wp\/v2\/posts"}],"about":[{"href":"https:\/\/www.egemtv.com\/index.php?rest_route=\/wp\/v2\/types\/post"}],"author":[{"embeddable":true,"href":"https:\/\/www.egemtv.com\/index.php?rest_route=\/wp\/v2\/users\/1"}],"replies":[{"embeddable":true,"href":"https:\/\/www.egemtv.com\/index.php?rest_route=%2Fwp%2Fv2%2Fcomments&post=86819"}],"version-history":[{"count":1,"href":"https:\/\/www.egemtv.com\/index.php?rest_route=\/wp\/v2\/posts\/86819\/revisions"}],"predecessor-version":[{"id":86821,"href":"https:\/\/www.egemtv.com\/index.php?rest_route=\/wp\/v2\/posts\/86819\/revisions\/86821"}],"wp:featuredmedia":[{"embeddable":true,"href":"https:\/\/www.egemtv.com\/index.php?rest_route=\/wp\/v2\/media\/86820"}],"wp:attachment":[{"href":"https:\/\/www.egemtv.com\/index.php?rest_route=%2Fwp%2Fv2%2Fmedia&parent=86819"}],"wp:term":[{"taxonomy":"category","embeddable":true,"href":"https:\/\/www.egemtv.com\/index.php?rest_route=%2Fwp%2Fv2%2Fcategories&post=86819"},{"taxonomy":"post_tag","embeddable":true,"href":"https:\/\/www.egemtv.com\/index.php?rest_route=%2Fwp%2Fv2%2Ftags&post=86819"}],"curies":[{"name":"wp","href":"https:\/\/api.w.org\/{rel}","templated":true}]}}