{"id":86816,"date":"2026-02-10T18:14:36","date_gmt":"2026-02-10T15:14:36","guid":{"rendered":"https:\/\/www.egemtv.com\/?p=86816"},"modified":"2026-02-10T18:14:37","modified_gmt":"2026-02-10T15:14:37","slug":"bilek-guresi-grup-heyecani-denizlide-basliyor","status":"publish","type":"post","link":"https:\/\/www.egemtv.com\/?p=86816","title":{"rendered":"Bilek g\u00fcre\u015fi grup heyecan\u0131 Denizli\u2019de ba\u015fl\u0131yor"},"content":{"rendered":"<p>Okul Sporlar\u0131 Bilek G\u00fcre\u015fi Gen\u00e7ler Grup \u015eampiyonas\u0131, 14-15 \u015eubat 2026 tarihleri aras\u0131nda Denizli\u2019nin ev sahipli\u011finde ger\u00e7ekle\u015fecek. \u0130ki g\u00fcn boyunca s\u00fcrecek m\u00fcsabakalarda; 13 ilden toplam 350 sporcu m\u00fccadele edecek.<br \/>\n<br \/>Gen\u00e7lik ve Spor Bakanl\u0131\u011f\u0131\u2019n\u0131n koordinesinde d\u00fczenlenen Okul Sporlar\u0131 yar\u0131\u015fmalar\u0131 farkl\u0131 bran\u015flarda devam ediyor. 2025-2026 Faaliyet Takvimi kapsam\u0131nda 14-15 \u015eubat 2026 tarihleri aras\u0131nda Bilek G\u00fcre\u015fi Gen\u00e7ler B Grup M\u00fcsabakalar\u0131 Denizli\u2019nin ev sahipli\u011finde Vali Recep Yaz\u0131c\u0131o\u011flu Spor Salonu\u2019nda yap\u0131lacak. Denizli Gen\u00e7lik ve Spor \u0130l M\u00fcd\u00fcrl\u00fc\u011f\u00fc\u2019n\u00fcn organize edece\u011fi m\u00fcsabakalarda; 13 ilden 350 sporcu, T\u00fcrkiye \u015eampiyonas\u0131\u2019na ad\u0131n\u0131 yazd\u0131rabilmek i\u00e7in Denizli\u2019de sahne alacak. G\u00fcm\u00fc\u015fler\u2019de bulunan Vali Recep Yaz\u0131c\u0131o\u011flu Spor Salonunda \u2018Sa\u011f Kol\u2019 ve \u2018Sol Kol\u2019 kategorilerinde ger\u00e7ekle\u015fecek m\u00fcsabakalar sonunda s\u0131kletlerinde derece elde eden sporcular illerini T\u00fcrkiye \u015eampiyonas\u0131\u2019nda temsil etme hakk\u0131 kazanacak. \u015eampiyonan\u0131n teknik toplant\u0131s\u0131 13 \u015eubat 2026 Cuma g\u00fcn\u00fc saat 15.00\u2019te Vali Recep Yaz\u0131c\u0131o\u011flu Spor Salonunda ger\u00e7ekle\u015fecek.<br \/><\/p>\n","protected":false},"excerpt":{"rendered":"<p>Okul Sporlar\u0131 Bilek G\u00fcre\u015fi Gen\u00e7ler Grup \u015eampiyonas\u0131, 14-15 \u015eubat 2026 tarihleri aras\u0131nda Denizli\u2019nin ev sahipli\u011finde ger\u00e7ekle\u015fecek. \u0130ki g\u00fcn boyunca s\u00fcrecek m\u00fcsabakalarda; 13 ilden toplam 350 sporcu m\u00fccadele edecek. Gen\u00e7lik ve Spor Bakanl\u0131\u011f\u0131\u2019n\u0131n koordinesinde d\u00fczenlenen Okul Sporlar\u0131 yar\u0131\u015fmalar\u0131 farkl\u0131 bran\u015flarda devam ediyor. 2025-2026 Faaliyet Takvimi kapsam\u0131nda 14-15 \u015eubat 2026 tarihleri aras\u0131nda Bilek G\u00fcre\u015fi Gen\u00e7ler B Grup&#8230;<\/p>\n","protected":false},"author":1,"featured_media":86817,"comment_status":"open","ping_status":"open","sticky":false,"template":"","format":"standard","meta":{"_crdt_document":"","footnotes":""},"categories":[4],"tags":[],"class_list":["post-86816","post","type-post","status-publish","format-standard","has-post-thumbnail","hentry","category-spor"],"_links":{"self":[{"href":"https:\/\/www.egemtv.com\/index.php?rest_route=\/wp\/v2\/posts\/86816","targetHints":{"allow":["GET"]}}],"collection":[{"href":"https:\/\/www.egemtv.com\/index.php?rest_route=\/wp\/v2\/posts"}],"about":[{"href":"https:\/\/www.egemtv.com\/index.php?rest_route=\/wp\/v2\/types\/post"}],"author":[{"embeddable":true,"href":"https:\/\/www.egemtv.com\/index.php?rest_route=\/wp\/v2\/users\/1"}],"replies":[{"embeddable":true,"href":"https:\/\/www.egemtv.com\/index.php?rest_route=%2Fwp%2Fv2%2Fcomments&post=86816"}],"version-history":[{"count":1,"href":"https:\/\/www.egemtv.com\/index.php?rest_route=\/wp\/v2\/posts\/86816\/revisions"}],"predecessor-version":[{"id":86818,"href":"https:\/\/www.egemtv.com\/index.php?rest_route=\/wp\/v2\/posts\/86816\/revisions\/86818"}],"wp:featuredmedia":[{"embeddable":true,"href":"https:\/\/www.egemtv.com\/index.php?rest_route=\/wp\/v2\/media\/86817"}],"wp:attachment":[{"href":"https:\/\/www.egemtv.com\/index.php?rest_route=%2Fwp%2Fv2%2Fmedia&parent=86816"}],"wp:term":[{"taxonomy":"category","embeddable":true,"href":"https:\/\/www.egemtv.com\/index.php?rest_route=%2Fwp%2Fv2%2Fcategories&post=86816"},{"taxonomy":"post_tag","embeddable":true,"href":"https:\/\/www.egemtv.com\/index.php?rest_route=%2Fwp%2Fv2%2Ftags&post=86816"}],"curies":[{"name":"wp","href":"https:\/\/api.w.org\/{rel}","templated":true}]}}