{"id":86813,"date":"2026-02-10T17:55:40","date_gmt":"2026-02-10T14:55:40","guid":{"rendered":"https:\/\/www.egemtv.com\/?p=86813"},"modified":"2026-02-10T17:55:42","modified_gmt":"2026-02-10T14:55:42","slug":"bodrumda-villada-yangin-cikti","status":"publish","type":"post","link":"https:\/\/www.egemtv.com\/?p=86813","title":{"rendered":"Bodrum\u2019da villada yang\u0131n \u00e7\u0131kt\u0131"},"content":{"rendered":"<p>Mu\u011fla\u2019n\u0131n Bodrum il\u00e7esindeki bir villadaki elektrik panosundan \u00e7\u0131kan yang\u0131n hasara yol a\u00e7t\u0131.<\/p>\n<p>Yakak\u00f6y Mahallesi 2917 Sokak\u2019ta bulunan dubleks m\u00fcstakil betonarme villada hen\u00fcz belirlenemeyen bir nedenle yang\u0131n \u00e7\u0131kt\u0131. \u0130hbar \u00fczerine olay yerine sevk edilen itfaiye ekipleri, yang\u0131n\u0131n villan\u0131n zemin kat\u0131nda bulunan sigorta panosunda \u00e7\u0131kt\u0131\u011f\u0131n\u0131 belirledi. Ekiplerin m\u00fcdahalesiyle yang\u0131n kontrol alt\u0131na al\u0131narak s\u00f6nd\u00fcr\u00fcld\u00fc, ard\u0131ndan so\u011futma \u00e7al\u0131\u015fmas\u0131 yap\u0131ld\u0131.<br \/>\n<br \/>Yang\u0131n nedeniyle evin duvarlar\u0131nda \u0131s\u0131 ve isten kaynakl\u0131 hasar olu\u015furken, olayda \u00f6len ya da yaralanan olmad\u0131.<br \/><\/p>\n","protected":false},"excerpt":{"rendered":"<p>Mu\u011fla\u2019n\u0131n Bodrum il\u00e7esindeki bir villadaki elektrik panosundan \u00e7\u0131kan yang\u0131n hasara yol a\u00e7t\u0131. Yakak\u00f6y Mahallesi 2917 Sokak\u2019ta bulunan dubleks m\u00fcstakil betonarme villada hen\u00fcz belirlenemeyen bir nedenle yang\u0131n \u00e7\u0131kt\u0131. \u0130hbar \u00fczerine olay yerine sevk edilen itfaiye ekipleri, yang\u0131n\u0131n villan\u0131n zemin kat\u0131nda bulunan sigorta panosunda \u00e7\u0131kt\u0131\u011f\u0131n\u0131 belirledi. Ekiplerin m\u00fcdahalesiyle yang\u0131n kontrol alt\u0131na al\u0131narak s\u00f6nd\u00fcr\u00fcld\u00fc, ard\u0131ndan so\u011futma \u00e7al\u0131\u015fmas\u0131 yap\u0131ld\u0131&#8230;.<\/p>\n","protected":false},"author":1,"featured_media":86814,"comment_status":"open","ping_status":"open","sticky":false,"template":"","format":"standard","meta":{"_crdt_document":"","footnotes":""},"categories":[5],"tags":[],"class_list":["post-86813","post","type-post","status-publish","format-standard","has-post-thumbnail","hentry","category-asayis"],"_links":{"self":[{"href":"https:\/\/www.egemtv.com\/index.php?rest_route=\/wp\/v2\/posts\/86813","targetHints":{"allow":["GET"]}}],"collection":[{"href":"https:\/\/www.egemtv.com\/index.php?rest_route=\/wp\/v2\/posts"}],"about":[{"href":"https:\/\/www.egemtv.com\/index.php?rest_route=\/wp\/v2\/types\/post"}],"author":[{"embeddable":true,"href":"https:\/\/www.egemtv.com\/index.php?rest_route=\/wp\/v2\/users\/1"}],"replies":[{"embeddable":true,"href":"https:\/\/www.egemtv.com\/index.php?rest_route=%2Fwp%2Fv2%2Fcomments&post=86813"}],"version-history":[{"count":1,"href":"https:\/\/www.egemtv.com\/index.php?rest_route=\/wp\/v2\/posts\/86813\/revisions"}],"predecessor-version":[{"id":86815,"href":"https:\/\/www.egemtv.com\/index.php?rest_route=\/wp\/v2\/posts\/86813\/revisions\/86815"}],"wp:featuredmedia":[{"embeddable":true,"href":"https:\/\/www.egemtv.com\/index.php?rest_route=\/wp\/v2\/media\/86814"}],"wp:attachment":[{"href":"https:\/\/www.egemtv.com\/index.php?rest_route=%2Fwp%2Fv2%2Fmedia&parent=86813"}],"wp:term":[{"taxonomy":"category","embeddable":true,"href":"https:\/\/www.egemtv.com\/index.php?rest_route=%2Fwp%2Fv2%2Fcategories&post=86813"},{"taxonomy":"post_tag","embeddable":true,"href":"https:\/\/www.egemtv.com\/index.php?rest_route=%2Fwp%2Fv2%2Ftags&post=86813"}],"curies":[{"name":"wp","href":"https:\/\/api.w.org\/{rel}","templated":true}]}}