{"id":86810,"date":"2026-02-10T17:55:39","date_gmt":"2026-02-10T14:55:39","guid":{"rendered":"https:\/\/www.egemtv.com\/?p=86810"},"modified":"2026-02-10T17:55:40","modified_gmt":"2026-02-10T14:55:40","slug":"bodrumda-yikim-basladi","status":"publish","type":"post","link":"https:\/\/www.egemtv.com\/?p=86810","title":{"rendered":"Bodrum\u2019da y\u0131k\u0131m ba\u015flad\u0131"},"content":{"rendered":"<p>Mu\u011fla\u2019n\u0131n Bodrum il\u00e7esinde sahile izinsiz \u015fekilde in\u015fa edilen yap\u0131lar\u0131n y\u0131k\u0131m\u0131na ba\u015fland\u0131.<\/p>\n<p>Bodrum Kaymakaml\u0131\u011f\u0131, Bodrum Milli Emlak M\u00fcd\u00fcrl\u00fc\u011f\u00fc, Bodrum Belediyesi ve Bodrum B\u00f6lge Liman Ba\u015fkanl\u0131\u011f\u0131 ekipleri, bug\u00fcn Kumbah\u00e7e Mahallesi Pa\u015fatarlas\u0131 sahiline girdi.<\/p>\n<p>Polis ekiplerinin g\u00fcvenlik \u00f6nlemi ald\u0131\u011f\u0131 b\u00f6lgede izinsiz \u015fekilde in\u015fa edilen derme \u00e7atma yap\u0131lar\u0131n tahliyesi ve y\u0131k\u0131m\u0131na ba\u015fland\u0131. Ayn\u0131 zamanda denize izinsiz \u015fekilde at\u0131lan tonozlar da kald\u0131r\u0131l\u0131yor. Ekiplerin, Mahfel Kafe\u2019ye kadar olan k\u0131s\u0131mda t\u00fcm izinsiz yap\u0131lar\u0131 kald\u0131raca\u011f\u0131 belirtildi.<br \/><\/p>\n","protected":false},"excerpt":{"rendered":"<p>Mu\u011fla\u2019n\u0131n Bodrum il\u00e7esinde sahile izinsiz \u015fekilde in\u015fa edilen yap\u0131lar\u0131n y\u0131k\u0131m\u0131na ba\u015fland\u0131. Bodrum Kaymakaml\u0131\u011f\u0131, Bodrum Milli Emlak M\u00fcd\u00fcrl\u00fc\u011f\u00fc, Bodrum Belediyesi ve Bodrum B\u00f6lge Liman Ba\u015fkanl\u0131\u011f\u0131 ekipleri, bug\u00fcn Kumbah\u00e7e Mahallesi Pa\u015fatarlas\u0131 sahiline girdi. Polis ekiplerinin g\u00fcvenlik \u00f6nlemi ald\u0131\u011f\u0131 b\u00f6lgede izinsiz \u015fekilde in\u015fa edilen derme \u00e7atma yap\u0131lar\u0131n tahliyesi ve y\u0131k\u0131m\u0131na ba\u015fland\u0131. Ayn\u0131 zamanda denize izinsiz \u015fekilde at\u0131lan tonozlar&#8230;<\/p>\n","protected":false},"author":1,"featured_media":86811,"comment_status":"open","ping_status":"open","sticky":false,"template":"","format":"standard","meta":{"_crdt_document":"","footnotes":""},"categories":[1],"tags":[],"class_list":["post-86810","post","type-post","status-publish","format-standard","has-post-thumbnail","hentry","category-guncel"],"_links":{"self":[{"href":"https:\/\/www.egemtv.com\/index.php?rest_route=\/wp\/v2\/posts\/86810","targetHints":{"allow":["GET"]}}],"collection":[{"href":"https:\/\/www.egemtv.com\/index.php?rest_route=\/wp\/v2\/posts"}],"about":[{"href":"https:\/\/www.egemtv.com\/index.php?rest_route=\/wp\/v2\/types\/post"}],"author":[{"embeddable":true,"href":"https:\/\/www.egemtv.com\/index.php?rest_route=\/wp\/v2\/users\/1"}],"replies":[{"embeddable":true,"href":"https:\/\/www.egemtv.com\/index.php?rest_route=%2Fwp%2Fv2%2Fcomments&post=86810"}],"version-history":[{"count":1,"href":"https:\/\/www.egemtv.com\/index.php?rest_route=\/wp\/v2\/posts\/86810\/revisions"}],"predecessor-version":[{"id":86812,"href":"https:\/\/www.egemtv.com\/index.php?rest_route=\/wp\/v2\/posts\/86810\/revisions\/86812"}],"wp:featuredmedia":[{"embeddable":true,"href":"https:\/\/www.egemtv.com\/index.php?rest_route=\/wp\/v2\/media\/86811"}],"wp:attachment":[{"href":"https:\/\/www.egemtv.com\/index.php?rest_route=%2Fwp%2Fv2%2Fmedia&parent=86810"}],"wp:term":[{"taxonomy":"category","embeddable":true,"href":"https:\/\/www.egemtv.com\/index.php?rest_route=%2Fwp%2Fv2%2Fcategories&post=86810"},{"taxonomy":"post_tag","embeddable":true,"href":"https:\/\/www.egemtv.com\/index.php?rest_route=%2Fwp%2Fv2%2Ftags&post=86810"}],"curies":[{"name":"wp","href":"https:\/\/api.w.org\/{rel}","templated":true}]}}