{"id":86807,"date":"2026-02-10T17:14:55","date_gmt":"2026-02-10T14:14:55","guid":{"rendered":"https:\/\/www.egemtv.com\/?p=86807"},"modified":"2026-02-10T17:14:56","modified_gmt":"2026-02-10T14:14:56","slug":"turgutluda-uyusturucu-operasyonu-1-tutuklama-2","status":"publish","type":"post","link":"https:\/\/www.egemtv.com\/?p=86807","title":{"rendered":"Turgutlu\u2019da uyu\u015fturucu operasyonu: 1 tutuklama"},"content":{"rendered":"<p>Turgutlu Cumhuriyet Ba\u015fsavc\u0131l\u0131\u011f\u0131 koordinesinde, Manisa \u0130l Jandarma Komutanl\u0131\u011f\u0131 Narkotik Su\u00e7larla M\u00fccadele (NSM) \u015eube M\u00fcd\u00fcrl\u00fc\u011f\u00fc ekiplerince uyu\u015fturucu madde ticareti yapan \u015fah\u0131slara y\u00f6nelik y\u00fcr\u00fct\u00fclen \u00e7al\u0131\u015fmalar kapsam\u0131nda g\u00f6zalt\u0131na al\u0131nan bir \u015f\u00fcpheli \u00e7\u0131kar\u0131ld\u0131\u011f\u0131 mahkemece tutukland\u0131.<br \/>\n<br \/>Yap\u0131lan \u00e7al\u0131\u015fmalar neticesinde, M.B. (25) isimli \u015fahs\u0131n Turgutlu il\u00e7esinde uyu\u015fturucu madde ticareti yapt\u0131\u011f\u0131 tespit edildi. NSM ve Turgutlu \u0130l\u00e7e Jandarma Komutanl\u0131\u011f\u0131 ekiplerince d\u00fczenlenen operasyonda, \u015f\u00fcpheli M.B. yakaland\u0131. \u015eahs\u0131n \u00fczerinde, ikametinde ve kullan\u0131m\u0131nda bulunan motosikletinde arama yap\u0131ld\u0131.<br \/>\n<br \/>Ger\u00e7ekle\u015ftirilen aramalarda; 13 bin 664 i\u00e7imlik pe\u00e7eteye emdirilmi\u015f sentetik kannabinoid maddesi, 2 adet ecstasy hap, 2 adet b\u0131\u00e7ak, 1 adet makas ve 1 adet cep telefonu ele ge\u00e7irildi.<br \/>\n<br \/>N\u00f6bet\u00e7i Cumhuriyet Savc\u0131s\u0131n\u0131n talimatlar\u0131 do\u011frultusunda g\u00f6zalt\u0131na al\u0131nan \u015f\u00fcpheli, ifadesinin ard\u0131ndan \u00e7\u0131kar\u0131ld\u0131\u011f\u0131 Sulh Ceza H\u00e2kimli\u011fince tutukland\u0131.<br \/><\/p>\n","protected":false},"excerpt":{"rendered":"<p>Turgutlu Cumhuriyet Ba\u015fsavc\u0131l\u0131\u011f\u0131 koordinesinde, Manisa \u0130l Jandarma Komutanl\u0131\u011f\u0131 Narkotik Su\u00e7larla M\u00fccadele (NSM) \u015eube M\u00fcd\u00fcrl\u00fc\u011f\u00fc ekiplerince uyu\u015fturucu madde ticareti yapan \u015fah\u0131slara y\u00f6nelik y\u00fcr\u00fct\u00fclen \u00e7al\u0131\u015fmalar kapsam\u0131nda g\u00f6zalt\u0131na al\u0131nan bir \u015f\u00fcpheli \u00e7\u0131kar\u0131ld\u0131\u011f\u0131 mahkemece tutukland\u0131. Yap\u0131lan \u00e7al\u0131\u015fmalar neticesinde, M.B. (25) isimli \u015fahs\u0131n Turgutlu il\u00e7esinde uyu\u015fturucu madde ticareti yapt\u0131\u011f\u0131 tespit edildi. NSM ve Turgutlu \u0130l\u00e7e Jandarma Komutanl\u0131\u011f\u0131 ekiplerince d\u00fczenlenen operasyonda,&#8230;<\/p>\n","protected":false},"author":1,"featured_media":86808,"comment_status":"open","ping_status":"open","sticky":false,"template":"","format":"standard","meta":{"_crdt_document":"","footnotes":""},"categories":[5],"tags":[],"class_list":["post-86807","post","type-post","status-publish","format-standard","has-post-thumbnail","hentry","category-asayis"],"_links":{"self":[{"href":"https:\/\/www.egemtv.com\/index.php?rest_route=\/wp\/v2\/posts\/86807","targetHints":{"allow":["GET"]}}],"collection":[{"href":"https:\/\/www.egemtv.com\/index.php?rest_route=\/wp\/v2\/posts"}],"about":[{"href":"https:\/\/www.egemtv.com\/index.php?rest_route=\/wp\/v2\/types\/post"}],"author":[{"embeddable":true,"href":"https:\/\/www.egemtv.com\/index.php?rest_route=\/wp\/v2\/users\/1"}],"replies":[{"embeddable":true,"href":"https:\/\/www.egemtv.com\/index.php?rest_route=%2Fwp%2Fv2%2Fcomments&post=86807"}],"version-history":[{"count":1,"href":"https:\/\/www.egemtv.com\/index.php?rest_route=\/wp\/v2\/posts\/86807\/revisions"}],"predecessor-version":[{"id":86809,"href":"https:\/\/www.egemtv.com\/index.php?rest_route=\/wp\/v2\/posts\/86807\/revisions\/86809"}],"wp:featuredmedia":[{"embeddable":true,"href":"https:\/\/www.egemtv.com\/index.php?rest_route=\/wp\/v2\/media\/86808"}],"wp:attachment":[{"href":"https:\/\/www.egemtv.com\/index.php?rest_route=%2Fwp%2Fv2%2Fmedia&parent=86807"}],"wp:term":[{"taxonomy":"category","embeddable":true,"href":"https:\/\/www.egemtv.com\/index.php?rest_route=%2Fwp%2Fv2%2Fcategories&post=86807"},{"taxonomy":"post_tag","embeddable":true,"href":"https:\/\/www.egemtv.com\/index.php?rest_route=%2Fwp%2Fv2%2Ftags&post=86807"}],"curies":[{"name":"wp","href":"https:\/\/api.w.org\/{rel}","templated":true}]}}