{"id":86798,"date":"2026-02-10T16:35:10","date_gmt":"2026-02-10T13:35:10","guid":{"rendered":"https:\/\/www.egemtv.com\/?p=86798"},"modified":"2026-02-10T16:35:11","modified_gmt":"2026-02-10T13:35:11","slug":"sokede-ogrencilere-afet-ve-iklim-degisikligi-farkindaligi","status":"publish","type":"post","link":"https:\/\/www.egemtv.com\/?p=86798","title":{"rendered":"S\u00f6ke\u2019de \u00f6\u011frencilere afet ve iklim de\u011fi\u015fikli\u011fi fark\u0131ndal\u0131\u011f\u0131"},"content":{"rendered":"<p>T\u00fcrk K\u0131z\u0131lay\u2019\u0131 S\u00f6ke \u015eubesi, toplumda afet bilinci olu\u015fturmaya y\u00f6nelik fark\u0131ndal\u0131k e\u011fitimlerini s\u00fcrd\u00fcr\u00fcyor. Bu kapsamda Fatma T\u00fczzehra Orhun Mesleki ve Teknik Anadolu Lisesi K\u0131z\u0131lay Kul\u00fcb\u00fc \u00f6\u011frencilerine y\u00f6nelik &#8220;Afet Fark\u0131ndal\u0131\u011f\u0131 ve \u0130klim De\u011fi\u015fikli\u011fi Semineri&#8221; d\u00fczenlendi.<\/p>\n<p>Seminerde, \u00fclkemizde s\u0131k\u00e7a ya\u015fanan ba\u015fta deprem olmak \u00fczere do\u011fal afetler hakk\u0131nda \u00f6\u011frencilere kapsaml\u0131 bilgiler verildi. Afet \u00f6ncesinde, s\u0131ras\u0131nda ve sonras\u0131nda yap\u0131lmas\u0131 gerekenler tekrar edilerek, \u00f6\u011frencilerin hem kendilerini hem de sevdiklerini koruyabilmeleri i\u00e7in bilin\u00e7lenmeleri ama\u00e7land\u0131. Ayr\u0131ca iklim de\u011fi\u015fikli\u011finin afetler \u00fczerindeki etkileri anlat\u0131larak, \u00e7evresel fark\u0131ndal\u0131\u011f\u0131n \u00f6nemi vurguland\u0131.<\/p>\n<p>S\u00f6ke K\u0131z\u0131lay \u015eube Ba\u015fkan\u0131 Funda \u00d6zt\u00fcrk, seminere g\u00f6sterilen ilgiden duydu\u011fu memnuniyeti dile getirerek, &#8220;\u00d6\u011frencilerimizin g\u00f6sterdi\u011fi ilgi bizleri son derece mutlu etti. Afetlere kar\u015f\u0131 bilin\u00e7li bir nesil yeti\u015ftirmek i\u00e7in \u00e7al\u0131\u015fmalar\u0131m\u0131za devam edece\u011fiz. Kat\u0131l\u0131m ve ilgileri i\u00e7in g\u00f6n\u00fclden te\u015fekk\u00fcr ederiz&#8221; ifadelerini kulland\u0131.<\/p>\n<p>T\u00fcrk K\u0131z\u0131lay\u2019\u0131 S\u00f6ke \u015eubesi\u2019nin, okullarda ve toplumun farkl\u0131 kesimlerinde fark\u0131ndal\u0131k e\u011fitimlerine devam edece\u011fi bildirildi.<br \/><\/p>\n","protected":false},"excerpt":{"rendered":"<p>T\u00fcrk K\u0131z\u0131lay\u2019\u0131 S\u00f6ke \u015eubesi, toplumda afet bilinci olu\u015fturmaya y\u00f6nelik fark\u0131ndal\u0131k e\u011fitimlerini s\u00fcrd\u00fcr\u00fcyor. Bu kapsamda Fatma T\u00fczzehra Orhun Mesleki ve Teknik Anadolu Lisesi K\u0131z\u0131lay Kul\u00fcb\u00fc \u00f6\u011frencilerine y\u00f6nelik &#8220;Afet Fark\u0131ndal\u0131\u011f\u0131 ve \u0130klim De\u011fi\u015fikli\u011fi Semineri&#8221; d\u00fczenlendi. Seminerde, \u00fclkemizde s\u0131k\u00e7a ya\u015fanan ba\u015fta deprem olmak \u00fczere do\u011fal afetler hakk\u0131nda \u00f6\u011frencilere kapsaml\u0131 bilgiler verildi. Afet \u00f6ncesinde, s\u0131ras\u0131nda ve sonras\u0131nda yap\u0131lmas\u0131 gerekenler&#8230;<\/p>\n","protected":false},"author":1,"featured_media":86799,"comment_status":"open","ping_status":"open","sticky":false,"template":"","format":"standard","meta":{"_crdt_document":"","footnotes":""},"categories":[1],"tags":[],"class_list":["post-86798","post","type-post","status-publish","format-standard","has-post-thumbnail","hentry","category-guncel"],"_links":{"self":[{"href":"https:\/\/www.egemtv.com\/index.php?rest_route=\/wp\/v2\/posts\/86798","targetHints":{"allow":["GET"]}}],"collection":[{"href":"https:\/\/www.egemtv.com\/index.php?rest_route=\/wp\/v2\/posts"}],"about":[{"href":"https:\/\/www.egemtv.com\/index.php?rest_route=\/wp\/v2\/types\/post"}],"author":[{"embeddable":true,"href":"https:\/\/www.egemtv.com\/index.php?rest_route=\/wp\/v2\/users\/1"}],"replies":[{"embeddable":true,"href":"https:\/\/www.egemtv.com\/index.php?rest_route=%2Fwp%2Fv2%2Fcomments&post=86798"}],"version-history":[{"count":1,"href":"https:\/\/www.egemtv.com\/index.php?rest_route=\/wp\/v2\/posts\/86798\/revisions"}],"predecessor-version":[{"id":86800,"href":"https:\/\/www.egemtv.com\/index.php?rest_route=\/wp\/v2\/posts\/86798\/revisions\/86800"}],"wp:featuredmedia":[{"embeddable":true,"href":"https:\/\/www.egemtv.com\/index.php?rest_route=\/wp\/v2\/media\/86799"}],"wp:attachment":[{"href":"https:\/\/www.egemtv.com\/index.php?rest_route=%2Fwp%2Fv2%2Fmedia&parent=86798"}],"wp:term":[{"taxonomy":"category","embeddable":true,"href":"https:\/\/www.egemtv.com\/index.php?rest_route=%2Fwp%2Fv2%2Fcategories&post=86798"},{"taxonomy":"post_tag","embeddable":true,"href":"https:\/\/www.egemtv.com\/index.php?rest_route=%2Fwp%2Fv2%2Ftags&post=86798"}],"curies":[{"name":"wp","href":"https:\/\/api.w.org\/{rel}","templated":true}]}}