{"id":86795,"date":"2026-02-10T16:35:08","date_gmt":"2026-02-10T13:35:08","guid":{"rendered":"https:\/\/www.egemtv.com\/?p=86795"},"modified":"2026-02-10T16:35:09","modified_gmt":"2026-02-10T13:35:09","slug":"kusadasinda-evde-donusum-ege-mahallesinde-basladi","status":"publish","type":"post","link":"https:\/\/www.egemtv.com\/?p=86795","title":{"rendered":"Ku\u015fadas\u0131\u2019nda evde d\u00f6n\u00fc\u015f\u00fcm Ege Mahallesi\u2019nde ba\u015flad\u0131"},"content":{"rendered":"<p>Ku\u015fadas\u0131 Belediyesi taraf\u0131ndan gelecek nesillere daha temiz ve ya\u015fan\u0131labilir bir \u00e7evre b\u0131rakmak i\u00e7in ba\u015flat\u0131lan \u2018D\u00f6n\u00fc\u015f\u00fcm Evde, Gelecek Ege\u2019de\u2019 projesinde ikinci a\u015famaya ge\u00e7ildi.<\/p>\n<p>\u0130klim De\u011fi\u015fikli\u011fi ve S\u0131f\u0131r At\u0131k M\u00fcd\u00fcrl\u00fc\u011f\u00fc ekipleri taraf\u0131ndan Ege Mahallesi\u2019nde bulunan sitelere, evlerden \u00e7\u0131kan geri d\u00f6n\u00fc\u015ft\u00fcr\u00fclebilir at\u0131k ve bitkisel ya\u011flar\u0131n toplanaca\u011f\u0131 kutu ve bidonlar teslim edildi.<\/p>\n<p>Do\u011fan\u0131n ve \u00e7evrenin korunmas\u0131 \u00e7al\u0131\u015fmalar\u0131n\u0131 titizlikle s\u00fcrd\u00fcren Ku\u015fadas\u0131 Belediyesi, ge\u00e7en hafta \u2018D\u00f6n\u00fc\u015f\u00fcm Evde, Gelecek Ege\u2019de\u2019 ad\u0131yla yeni bir projeyi ya\u015fama ge\u00e7irdi. Evlerden \u00e7\u0131kan geri d\u00f6n\u00fc\u015ft\u00fcr\u00fclebilir at\u0131klar\u0131n kayna\u011f\u0131nda ayr\u0131\u015ft\u0131r\u0131lmas\u0131n\u0131 ama\u00e7layan projede, pilot b\u00f6lge olarak da Ege Mahallesi se\u00e7ildi. Bu kapsamda \u0130klim De\u011fi\u015fikli\u011fi ve S\u0131f\u0131r At\u0131k M\u00fcd\u00fcrl\u00fc\u011f\u00fc g\u00f6revlileri ka\u011f\u0131t, metal, plastik, pil ve bitkisel at\u0131k ya\u011flar\u0131n toplanaca\u011f\u0131 \u00f6zel tasar\u0131ml\u0131 kutu ve bidonlar\u0131 Ege Mahallesi\u2019nde bulunan sitelerin y\u00f6neticilerine imza kar\u015f\u0131l\u0131\u011f\u0131nda teslim etmeye ba\u015flad\u0131.<\/p>\n<p>Projede Ku\u015fadas\u0131 Belediyesi \u0130klim De\u011fi\u015fikli\u011fi ve S\u0131f\u0131r At\u0131k M\u00fcd\u00fcrl\u00fc\u011f\u00fc ekipleri, kutu ve bidonlarda biriken geri d\u00f6n\u00fc\u015ft\u00fcr\u00fclebilir at\u0131klar\u0131 belirlenen program dahilinde d\u00fczenli aral\u0131klarla toplayacak. At\u0131klar\u0131n geri d\u00f6n\u00fc\u015ft\u00fcr\u00fclmesinden elde edilen gelir de site y\u00f6netimlerinin hesab\u0131na aktar\u0131lacak. B\u00f6ylece hem \u00e7evrenin temiz tutulmas\u0131na hem de kent ekonomisine \u00f6nemli bir katk\u0131 sa\u011flanacak.<\/p>\n<p>Ku\u015fadas\u0131 Belediyesi olarak \u00e7evrenin korunmas\u0131 ve s\u00fcrd\u00fcr\u00fclebilir bir ya\u015fam i\u00e7in \u00f6nemli ad\u0131mlar atmaya devam ettiklerini belirten \u0130klim De\u011fi\u015fikli\u011fi ve S\u0131f\u0131r At\u0131k M\u00fcd\u00fcrl\u00fc\u011f\u00fc M\u00fcd\u00fcr\u00fc Hakan Bayrak, &#8220;Kent genelinde at\u0131k pillerden, ka\u011f\u0131tlara, plastikten metale, camdan elektronik e\u015fyalara ve bitkisel at\u0131k ya\u011flara kadar toplad\u0131\u011f\u0131m\u0131z farkl\u0131 at\u0131k t\u00fcrlerini kurdu\u011fumuz merkezlerde titizlikle ayr\u0131\u015ft\u0131r\u0131yoruz. Yeni ya\u015fama ge\u00e7irdi\u011fimiz \u2018D\u00f6n\u00fc\u015f\u00fcm Evde, Gelecek Ege\u2019de\u2019 projesinin de buna \u00f6nemli bir katk\u0131 sunaca\u011f\u0131ndan eminiz. Hedefimiz ilerleyen d\u00f6nemde bu projeyi kent genelinde uygulamak&#8221; dedi.<br \/><\/p>\n","protected":false},"excerpt":{"rendered":"<p>Ku\u015fadas\u0131 Belediyesi taraf\u0131ndan gelecek nesillere daha temiz ve ya\u015fan\u0131labilir bir \u00e7evre b\u0131rakmak i\u00e7in ba\u015flat\u0131lan \u2018D\u00f6n\u00fc\u015f\u00fcm Evde, Gelecek Ege\u2019de\u2019 projesinde ikinci a\u015famaya ge\u00e7ildi. \u0130klim De\u011fi\u015fikli\u011fi ve S\u0131f\u0131r At\u0131k M\u00fcd\u00fcrl\u00fc\u011f\u00fc ekipleri taraf\u0131ndan Ege Mahallesi\u2019nde bulunan sitelere, evlerden \u00e7\u0131kan geri d\u00f6n\u00fc\u015ft\u00fcr\u00fclebilir at\u0131k ve bitkisel ya\u011flar\u0131n toplanaca\u011f\u0131 kutu ve bidonlar teslim edildi. Do\u011fan\u0131n ve \u00e7evrenin korunmas\u0131 \u00e7al\u0131\u015fmalar\u0131n\u0131 titizlikle s\u00fcrd\u00fcren&#8230;<\/p>\n","protected":false},"author":1,"featured_media":86796,"comment_status":"open","ping_status":"open","sticky":false,"template":"","format":"standard","meta":{"_crdt_document":"","footnotes":""},"categories":[1],"tags":[],"class_list":["post-86795","post","type-post","status-publish","format-standard","has-post-thumbnail","hentry","category-guncel"],"_links":{"self":[{"href":"https:\/\/www.egemtv.com\/index.php?rest_route=\/wp\/v2\/posts\/86795","targetHints":{"allow":["GET"]}}],"collection":[{"href":"https:\/\/www.egemtv.com\/index.php?rest_route=\/wp\/v2\/posts"}],"about":[{"href":"https:\/\/www.egemtv.com\/index.php?rest_route=\/wp\/v2\/types\/post"}],"author":[{"embeddable":true,"href":"https:\/\/www.egemtv.com\/index.php?rest_route=\/wp\/v2\/users\/1"}],"replies":[{"embeddable":true,"href":"https:\/\/www.egemtv.com\/index.php?rest_route=%2Fwp%2Fv2%2Fcomments&post=86795"}],"version-history":[{"count":1,"href":"https:\/\/www.egemtv.com\/index.php?rest_route=\/wp\/v2\/posts\/86795\/revisions"}],"predecessor-version":[{"id":86797,"href":"https:\/\/www.egemtv.com\/index.php?rest_route=\/wp\/v2\/posts\/86795\/revisions\/86797"}],"wp:featuredmedia":[{"embeddable":true,"href":"https:\/\/www.egemtv.com\/index.php?rest_route=\/wp\/v2\/media\/86796"}],"wp:attachment":[{"href":"https:\/\/www.egemtv.com\/index.php?rest_route=%2Fwp%2Fv2%2Fmedia&parent=86795"}],"wp:term":[{"taxonomy":"category","embeddable":true,"href":"https:\/\/www.egemtv.com\/index.php?rest_route=%2Fwp%2Fv2%2Fcategories&post=86795"},{"taxonomy":"post_tag","embeddable":true,"href":"https:\/\/www.egemtv.com\/index.php?rest_route=%2Fwp%2Fv2%2Ftags&post=86795"}],"curies":[{"name":"wp","href":"https:\/\/api.w.org\/{rel}","templated":true}]}}