{"id":86792,"date":"2026-02-10T16:35:07","date_gmt":"2026-02-10T13:35:07","guid":{"rendered":"https:\/\/www.egemtv.com\/?p=86792"},"modified":"2026-02-10T16:35:08","modified_gmt":"2026-02-10T13:35:08","slug":"yunusemrede-14-subat-temali-kadin-el-emegi-pazari-kuruldu","status":"publish","type":"post","link":"https:\/\/www.egemtv.com\/?p=86792","title":{"rendered":"Yunusemre\u2019de 14 \u015eubat temal\u0131 &#8220;Kad\u0131n El Eme\u011fi Pazar\u0131&#8221; kuruldu"},"content":{"rendered":"<p>Yunusemre Belediyesi ve Yunusemre Kent Konseyi i\u015f birli\u011fiyle Ferdi Zeyrek Millet \u00c7ar\u015f\u0131s\u0131\u2019nda 14 \u015eubat Sevgililer G\u00fcn\u00fc temal\u0131 Kad\u0131n El Eme\u011fi Pazar\u0131 kuruldu. Yunusemre Belediye Ba\u015fkan\u0131 Semih Balaban\u2019\u0131n e\u015fi Serap Balaban ile Belediye Ba\u015fkan Yard\u0131mc\u0131s\u0131 Emine \u00d6zge Arslan pazar\u0131 ziyaret ederek \u00fcretici kad\u0131nlarla bir araya geldi.<br \/>\n<br \/>Her hafta sal\u0131 g\u00fcnleri Ferdi Zeyrek Millet \u00c7ar\u015f\u0131s\u0131 1\u2019inci katta kurulan Kad\u0131n El Eme\u011fi Pazar\u0131, bu hafta 14 \u015eubat Sevgililer G\u00fcn\u00fc konseptiyle vatanda\u015flar\u0131 a\u011f\u0131rlad\u0131. Pazarda sevgi temal\u0131 el eme\u011fi \u00fcr\u00fcnler sergilenirken, ziyaret\u00e7iler de tezgahlara yo\u011fun ilgi g\u00f6sterdi.<br \/>\n<br \/>Serap Balaban ve Ba\u015fkan Yard\u0131mc\u0131s\u0131 Emine \u00d6zge Arslan, pazarda \u00fcretici kad\u0131nlarla sohbet etti, el eme\u011fi \u00fcr\u00fcnleri inceledi. Ziyarette Yunusemre Kent Konseyi Kad\u0131n Meclisi Ba\u015fkan\u0131 Suzan C\u00f6mert \u00d6zata, Kad\u0131n ve Aile Hizmetleri M\u00fcd\u00fcr\u00fc \u015eaver Y\u00fcksel ile Kad\u0131n Dayan\u0131\u015fma ve E\u011fitim Merkezleri Koordinat\u00f6r\u00fc Bur\u00e7in Umut Do\u011fru da yer ald\u0131.<\/p>\n<p>&#8220;Sevgi payla\u015ft\u0131k\u00e7a \u00e7o\u011fal\u0131yor&#8221;<br \/>\n<br \/>Ziyaret s\u0131ras\u0131nda a\u00e7\u0131klamalarda bulunan Yunusemre Belediye Ba\u015fkan Yard\u0131mc\u0131s\u0131 Emine \u00d6zge Arslan, 14 \u015eubat\u2019\u0131n sadece \u00e7iftler i\u00e7in de\u011fil, t\u00fcm insanl\u0131k i\u00e7in bir sevgi g\u00fcn\u00fc oldu\u011funu vurgulayarak, &#8220;14 \u015eubat sadece \u00e7iftlerin birbirine sevgisi de\u011fil, insanlar\u0131n birbirine, do\u011faya ve hayvanlara olan sevgisini yans\u0131tan bir sevgi g\u00fcn\u00fcd\u00fcr. Biz de belediyemizin kad\u0131n dayan\u0131\u015fma ve e\u011fitim merkezleri ile kent konseyimizle birlikte d\u00fczenledi\u011fi Kad\u0131n El Eme\u011fi Pazar\u0131\u2019nda 14 \u015eubat Sevgililer G\u00fcn\u00fc konseptiyle haz\u0131rlanan tezgahlar\u0131 ziyaret ettik. El eme\u011fi \u00fcr\u00fcnlerimizi inceledik. T\u00fcm hem\u015fehrilerimizi sevdiklerini mutlu etmek ad\u0131na ufak da olsa hediye almak \u00fczere Kad\u0131n El Eme\u011fi Pazar\u0131m\u0131za bekliyoruz&#8221; dedi.<br \/><\/p>\n","protected":false},"excerpt":{"rendered":"<p>Yunusemre Belediyesi ve Yunusemre Kent Konseyi i\u015f birli\u011fiyle Ferdi Zeyrek Millet \u00c7ar\u015f\u0131s\u0131\u2019nda 14 \u015eubat Sevgililer G\u00fcn\u00fc temal\u0131 Kad\u0131n El Eme\u011fi Pazar\u0131 kuruldu. Yunusemre Belediye Ba\u015fkan\u0131 Semih Balaban\u2019\u0131n e\u015fi Serap Balaban ile Belediye Ba\u015fkan Yard\u0131mc\u0131s\u0131 Emine \u00d6zge Arslan pazar\u0131 ziyaret ederek \u00fcretici kad\u0131nlarla bir araya geldi. Her hafta sal\u0131 g\u00fcnleri Ferdi Zeyrek Millet \u00c7ar\u015f\u0131s\u0131 1\u2019inci katta&#8230;<\/p>\n","protected":false},"author":1,"featured_media":86793,"comment_status":"open","ping_status":"open","sticky":false,"template":"","format":"standard","meta":{"_crdt_document":"","footnotes":""},"categories":[125],"tags":[],"class_list":["post-86792","post","type-post","status-publish","format-standard","has-post-thumbnail","hentry","category-ekonomi"],"_links":{"self":[{"href":"https:\/\/www.egemtv.com\/index.php?rest_route=\/wp\/v2\/posts\/86792","targetHints":{"allow":["GET"]}}],"collection":[{"href":"https:\/\/www.egemtv.com\/index.php?rest_route=\/wp\/v2\/posts"}],"about":[{"href":"https:\/\/www.egemtv.com\/index.php?rest_route=\/wp\/v2\/types\/post"}],"author":[{"embeddable":true,"href":"https:\/\/www.egemtv.com\/index.php?rest_route=\/wp\/v2\/users\/1"}],"replies":[{"embeddable":true,"href":"https:\/\/www.egemtv.com\/index.php?rest_route=%2Fwp%2Fv2%2Fcomments&post=86792"}],"version-history":[{"count":1,"href":"https:\/\/www.egemtv.com\/index.php?rest_route=\/wp\/v2\/posts\/86792\/revisions"}],"predecessor-version":[{"id":86794,"href":"https:\/\/www.egemtv.com\/index.php?rest_route=\/wp\/v2\/posts\/86792\/revisions\/86794"}],"wp:featuredmedia":[{"embeddable":true,"href":"https:\/\/www.egemtv.com\/index.php?rest_route=\/wp\/v2\/media\/86793"}],"wp:attachment":[{"href":"https:\/\/www.egemtv.com\/index.php?rest_route=%2Fwp%2Fv2%2Fmedia&parent=86792"}],"wp:term":[{"taxonomy":"category","embeddable":true,"href":"https:\/\/www.egemtv.com\/index.php?rest_route=%2Fwp%2Fv2%2Fcategories&post=86792"},{"taxonomy":"post_tag","embeddable":true,"href":"https:\/\/www.egemtv.com\/index.php?rest_route=%2Fwp%2Fv2%2Ftags&post=86792"}],"curies":[{"name":"wp","href":"https:\/\/api.w.org\/{rel}","templated":true}]}}