{"id":86789,"date":"2026-02-10T16:35:06","date_gmt":"2026-02-10T13:35:06","guid":{"rendered":"https:\/\/www.egemtv.com\/?p=86789"},"modified":"2026-02-10T16:35:07","modified_gmt":"2026-02-10T13:35:07","slug":"muglaspor-futbol-akademisi-gelecegin-yildizlarini-yetistiriyor","status":"publish","type":"post","link":"https:\/\/www.egemtv.com\/?p=86789","title":{"rendered":"Mu\u011flaspor Futbol Akademisi gelece\u011fin y\u0131ld\u0131zlar\u0131n\u0131 yeti\u015ftiriyor"},"content":{"rendered":"<p>1967\u2019den bu yana Mu\u011fla futbolunun temel ta\u015f\u0131 olan Mu\u011flaspor, Futbol Akademisi\u2019nde bilimsel antrenman modeli, veriye dayal\u0131 geli\u015fim sistemi ve karakter e\u011fitimiyle altyap\u0131da fark\u0131n\u0131 ortaya koyuyor. 6-18 ya\u015f aras\u0131 sporcular,  profesyonel de\u011ferlendirmelerle ye\u015fil-beyazl\u0131 ekibi gelece\u011fe haz\u0131rlan\u0131yor.<br \/>\n<br \/>2. lig A grubunda bir ma\u00e7 eksi\u011fi ile ikinci s\u0131rada yerz alan Mu\u011flaspor, yaln\u0131zca sahadaki ba\u015far\u0131lar\u0131yla de\u011fil, altyap\u0131ya verdi\u011fi \u00f6nemle de Mu\u011fla\u2019n\u0131n spor k\u00fclt\u00fcr\u00fcn\u00fc ya\u015fat\u0131yor. Bu vizyonun sahaya yans\u0131yan en g\u00fc\u00e7l\u00fc ad\u0131m\u0131 ise Mu\u011flaspor Futbol Akademisi. Oyuncu \u0130zleme Departman Sorumlusu Fuat Bozdemir \u00f6nc\u00fcl\u00fc\u011f\u00fcnde y\u00fcr\u00fct\u00fclen akademik \u00e7al\u0131\u015fmalar\u0131, \u2019Yetenek tek  ba\u015f\u0131na yetmez\u2019 anlay\u0131\u015f\u0131yla gen\u00e7leri profesyonel gelece\u011fe haz\u0131rl\u0131yor.<br \/>\n<br \/>Plans\u0131z \u00e7al\u0131\u015fman\u0131n do\u011furabilece\u011fi sakatl\u0131k riskleri ve motivasyon kay\u0131plar\u0131n\u0131n \u00f6n\u00fcne ge\u00e7meyi hedefleyen akademi sistemi; do\u011fru temel, do\u011fru tekrar ve do\u011fru y\u00f6nlendirme prensipleri \u00fczerine kuruldu. Antrenmanlar sadece sahada yap\u0131lm\u0131yor; \u00f6l\u00e7\u00fcl\u00fcyor, analiz ediliyor ve verilerle s\u00fcrekli geli\u015ftiriliyor.<br \/>\n<br \/>Mu\u011flaspor Akademisi\u2019nde her sporcu i\u00e7in ki\u015fiye \u00f6zel geli\u015fim plan\u0131 uygulan\u0131rken, Fuat Bozdemir\u2019in vurgulad\u0131\u011f\u0131 sistem; net hedeflerin belirlendi\u011fi ve planl\u0131 uygulamalar\u0131n hayata ge\u00e7irildi\u011fi bir yap\u0131 \u00fczerine kuruluyor. 6-18 ya\u015f aras\u0131 gen\u00e7lere \u00f6nemli bir f\u0131rsat sunan akademide, ye\u015fil-beyazl\u0131 ruhla yeti\u015fen \u00e7ocuklar tak\u0131m olmay\u0131, sayg\u0131y\u0131 ve \u00e7al\u0131\u015fma disiplinini \u00f6\u011frenirken; aidiyet duygusunun g\u00fc\u00e7lendi\u011fi, do\u011fru al\u0131\u015fkanl\u0131klar\u0131n kazand\u0131r\u0131ld\u0131\u011f\u0131 profesyonel bir atmosferde geli\u015fimlerini s\u00fcrd\u00fcr\u00fcyor.<br \/><\/p>\n","protected":false},"excerpt":{"rendered":"<p>1967\u2019den bu yana Mu\u011fla futbolunun temel ta\u015f\u0131 olan Mu\u011flaspor, Futbol Akademisi\u2019nde bilimsel antrenman modeli, veriye dayal\u0131 geli\u015fim sistemi ve karakter e\u011fitimiyle altyap\u0131da fark\u0131n\u0131 ortaya koyuyor. 6-18 ya\u015f aras\u0131 sporcular, profesyonel de\u011ferlendirmelerle ye\u015fil-beyazl\u0131 ekibi gelece\u011fe haz\u0131rlan\u0131yor. 2. lig A grubunda bir ma\u00e7 eksi\u011fi ile ikinci s\u0131rada yerz alan Mu\u011flaspor, yaln\u0131zca sahadaki ba\u015far\u0131lar\u0131yla de\u011fil, altyap\u0131ya verdi\u011fi \u00f6nemle&#8230;<\/p>\n","protected":false},"author":1,"featured_media":86790,"comment_status":"open","ping_status":"open","sticky":false,"template":"","format":"standard","meta":{"_crdt_document":"","footnotes":""},"categories":[4],"tags":[],"class_list":["post-86789","post","type-post","status-publish","format-standard","has-post-thumbnail","hentry","category-spor"],"_links":{"self":[{"href":"https:\/\/www.egemtv.com\/index.php?rest_route=\/wp\/v2\/posts\/86789","targetHints":{"allow":["GET"]}}],"collection":[{"href":"https:\/\/www.egemtv.com\/index.php?rest_route=\/wp\/v2\/posts"}],"about":[{"href":"https:\/\/www.egemtv.com\/index.php?rest_route=\/wp\/v2\/types\/post"}],"author":[{"embeddable":true,"href":"https:\/\/www.egemtv.com\/index.php?rest_route=\/wp\/v2\/users\/1"}],"replies":[{"embeddable":true,"href":"https:\/\/www.egemtv.com\/index.php?rest_route=%2Fwp%2Fv2%2Fcomments&post=86789"}],"version-history":[{"count":1,"href":"https:\/\/www.egemtv.com\/index.php?rest_route=\/wp\/v2\/posts\/86789\/revisions"}],"predecessor-version":[{"id":86791,"href":"https:\/\/www.egemtv.com\/index.php?rest_route=\/wp\/v2\/posts\/86789\/revisions\/86791"}],"wp:featuredmedia":[{"embeddable":true,"href":"https:\/\/www.egemtv.com\/index.php?rest_route=\/wp\/v2\/media\/86790"}],"wp:attachment":[{"href":"https:\/\/www.egemtv.com\/index.php?rest_route=%2Fwp%2Fv2%2Fmedia&parent=86789"}],"wp:term":[{"taxonomy":"category","embeddable":true,"href":"https:\/\/www.egemtv.com\/index.php?rest_route=%2Fwp%2Fv2%2Fcategories&post=86789"},{"taxonomy":"post_tag","embeddable":true,"href":"https:\/\/www.egemtv.com\/index.php?rest_route=%2Fwp%2Fv2%2Ftags&post=86789"}],"curies":[{"name":"wp","href":"https:\/\/api.w.org\/{rel}","templated":true}]}}