{"id":86780,"date":"2026-02-10T15:55:19","date_gmt":"2026-02-10T12:55:19","guid":{"rendered":"https:\/\/www.egemtv.com\/?p=86780"},"modified":"2026-02-10T15:55:20","modified_gmt":"2026-02-10T12:55:20","slug":"turgutluda-bir-kisi-elektrik-trafosu-binasinda-olu-bulundu","status":"publish","type":"post","link":"https:\/\/www.egemtv.com\/?p=86780","title":{"rendered":"Turgutlu\u2019da bir ki\u015fi elektrik trafosu binas\u0131nda \u00f6l\u00fc bulundu"},"content":{"rendered":"<p>Manisa\u2019n\u0131n Turgutlu il\u00e7esinde bir elektrik trafosu binas\u0131 i\u00e7erisinde bir ki\u015finin cans\u0131z bedeni bulundu.<br \/>\n<br \/>Olay, Turgutlu il\u00e7esi Atat\u00fcrk Mahallesi 217 Sokak \u00fczerinde bulunan fabrikaya ait \u00f6zel bir elektrik trafosu binas\u0131nda meydana geldi. Edinilen bilgiye g\u00f6re, trafo binas\u0131 i\u00e7erisinde bir \u015fahs\u0131n yerde hareketsiz yatt\u0131\u011f\u0131n\u0131 g\u00f6ren vatanda\u015flar, durumu vakit kaybetmeden 112 Acil \u00c7a\u011fr\u0131 Merkezi\u2019ne bildirdi. \u0130hbar \u00fczerine b\u00f6lgeye k\u0131sa s\u00fcrede polis ve sa\u011fl\u0131k ekipleri sevk edildi. Olay yerine gelen sa\u011fl\u0131k ekiplerinin yapt\u0131\u011f\u0131 kontrollerde, \u015fahs\u0131n hayat\u0131n\u0131 kaybetti\u011fi belirlendi. Polis ekiplerince yap\u0131lan incelemede, ya\u015fam\u0131n\u0131 yitiren ki\u015finin E.D. oldu\u011fu tespit edildi.<br \/>\n<br \/>E.D.\u2019nin cenazesi, olay yerindeki incelemelerin ard\u0131ndan kesin \u00f6l\u00fcm nedeninin belirlenmesi amac\u0131yla \u0130zmir Adli T\u0131p Kurumu morguna kald\u0131r\u0131ld\u0131. Olayla ilgili geni\u015f \u00e7apl\u0131 soru\u015fturma ba\u015flat\u0131ld\u0131.<br \/><\/p>\n","protected":false},"excerpt":{"rendered":"<p>Manisa\u2019n\u0131n Turgutlu il\u00e7esinde bir elektrik trafosu binas\u0131 i\u00e7erisinde bir ki\u015finin cans\u0131z bedeni bulundu. Olay, Turgutlu il\u00e7esi Atat\u00fcrk Mahallesi 217 Sokak \u00fczerinde bulunan fabrikaya ait \u00f6zel bir elektrik trafosu binas\u0131nda meydana geldi. Edinilen bilgiye g\u00f6re, trafo binas\u0131 i\u00e7erisinde bir \u015fahs\u0131n yerde hareketsiz yatt\u0131\u011f\u0131n\u0131 g\u00f6ren vatanda\u015flar, durumu vakit kaybetmeden 112 Acil \u00c7a\u011fr\u0131 Merkezi\u2019ne bildirdi. \u0130hbar \u00fczerine b\u00f6lgeye&#8230;<\/p>\n","protected":false},"author":1,"featured_media":86781,"comment_status":"open","ping_status":"open","sticky":false,"template":"","format":"standard","meta":{"_crdt_document":"","footnotes":""},"categories":[5],"tags":[],"class_list":["post-86780","post","type-post","status-publish","format-standard","has-post-thumbnail","hentry","category-asayis"],"_links":{"self":[{"href":"https:\/\/www.egemtv.com\/index.php?rest_route=\/wp\/v2\/posts\/86780","targetHints":{"allow":["GET"]}}],"collection":[{"href":"https:\/\/www.egemtv.com\/index.php?rest_route=\/wp\/v2\/posts"}],"about":[{"href":"https:\/\/www.egemtv.com\/index.php?rest_route=\/wp\/v2\/types\/post"}],"author":[{"embeddable":true,"href":"https:\/\/www.egemtv.com\/index.php?rest_route=\/wp\/v2\/users\/1"}],"replies":[{"embeddable":true,"href":"https:\/\/www.egemtv.com\/index.php?rest_route=%2Fwp%2Fv2%2Fcomments&post=86780"}],"version-history":[{"count":1,"href":"https:\/\/www.egemtv.com\/index.php?rest_route=\/wp\/v2\/posts\/86780\/revisions"}],"predecessor-version":[{"id":86782,"href":"https:\/\/www.egemtv.com\/index.php?rest_route=\/wp\/v2\/posts\/86780\/revisions\/86782"}],"wp:featuredmedia":[{"embeddable":true,"href":"https:\/\/www.egemtv.com\/index.php?rest_route=\/wp\/v2\/media\/86781"}],"wp:attachment":[{"href":"https:\/\/www.egemtv.com\/index.php?rest_route=%2Fwp%2Fv2%2Fmedia&parent=86780"}],"wp:term":[{"taxonomy":"category","embeddable":true,"href":"https:\/\/www.egemtv.com\/index.php?rest_route=%2Fwp%2Fv2%2Fcategories&post=86780"},{"taxonomy":"post_tag","embeddable":true,"href":"https:\/\/www.egemtv.com\/index.php?rest_route=%2Fwp%2Fv2%2Ftags&post=86780"}],"curies":[{"name":"wp","href":"https:\/\/api.w.org\/{rel}","templated":true}]}}