{"id":86777,"date":"2026-02-10T15:55:18","date_gmt":"2026-02-10T12:55:18","guid":{"rendered":"https:\/\/www.egemtv.com\/?p=86777"},"modified":"2026-02-10T15:55:19","modified_gmt":"2026-02-10T12:55:19","slug":"aydinda-400-milyon-liralik-yol-yatiriminda-ilk-kazma-vuruldu","status":"publish","type":"post","link":"https:\/\/www.egemtv.com\/?p=86777","title":{"rendered":"Ayd\u0131n\u2019da 400 milyon liral\u0131k yol yat\u0131r\u0131m\u0131nda ilk kazma vuruldu"},"content":{"rendered":"<p>Ayd\u0131n B\u00fcy\u00fck\u015fehir Belediye Ba\u015fkan\u0131 \u00d6zlem \u00c7er\u00e7io\u011flu, Ayd\u0131n\u2019\u0131 yat\u0131r\u0131m ve projeler ile bulu\u015fturmaya devam ediyor. AD\u00dc Hastanesi\u2019ne yeni yol g\u00fczergah\u0131nda ekipler \u00e7al\u0131\u015fmalara ba\u015flad\u0131.<\/p>\n<p>Kemer Mahallesi\u2019nden Adnan Menderes \u00dcniversitesi Aytepe Merkez Kamp\u00fcs\u00fc ile Adnan Menderes \u00dcniversitesi Uygulama ve Ara\u015ft\u0131rma Hastanesi\u2019ne uzanacak yeni yol g\u00fczergah\u0131nda \u00e7al\u0131\u015fmalar ba\u015flad\u0131. Ayd\u0131n B\u00fcy\u00fck\u015fehir Belediyesi ile Adnan Menderes \u00dcniversitesi i\u015fbirli\u011fiyle hayata ge\u00e7irilen projenin tamamlanmas\u0131 ile b\u00f6lgede ula\u015f\u0131m konforunun artt\u0131r\u0131lmas\u0131, trafik yo\u011funlu\u011funun azalt\u0131lmas\u0131 ve \u00fcniversite yerle\u015fkeleri ile sa\u011fl\u0131k hizmetlerine eri\u015fimin daha h\u0131zl\u0131 hale getirilmesi hedefleniyor.<\/p>\n<p>B\u00fcy\u00fck\u015fehir Belediyesi Fen \u0130\u015fleri Dairesi Ba\u015fkanl\u0131\u011f\u0131 ekipleri, 400 milyon T\u00fcrk Liras\u0131 de\u011ferindeki yat\u0131r\u0131m\u0131n ilk etab\u0131 olan Vak\u0131f Caddesi\u2019nde kaz\u0131 \u00e7al\u0131\u015fmalar\u0131na ba\u015flad\u0131. Titizlikle s\u00fcrd\u00fcr\u00fclen \u00e7al\u0131\u015fmalar k\u0131sa s\u00fcre i\u00e7erisinde tamamlanacak. \u00c7al\u0131\u015fmalar, \u00fcniversite kamp\u00fcs\u00fcne ve hastaneye uzanacak olan modern ula\u015f\u0131m a\u011f\u0131n\u0131n temel ta\u015f\u0131n\u0131 olu\u015fturacak.<\/p>\n<p>Kent genelinde yat\u0131r\u0131m ve projelerinin devam edece\u011fini belirten Ayd\u0131n B\u00fcy\u00fck\u015fehir Belediye Ba\u015fkan\u0131 \u00d6zlem \u00c7er\u00e7io\u011flu, &#8220;Ayd\u0131n\u0131m\u0131z\u0131 yat\u0131r\u0131m ve projelerimiz ile bulu\u015fturmaya, hem\u015fehrilerimiz i\u00e7in \u00e7al\u0131\u015fmaya devam ediyoruz. Adnan Menderes \u00dcniversitesi Aytepe Merkez Kamp\u00fcs\u00fc\u2019ne ve Adnan Menderes \u00dcniversitesi Uygulama ve Ara\u015ft\u0131rma Hastanesi\u2019ne yeni bir yol g\u00fczergah\u0131 kazand\u0131racak olan yat\u0131r\u0131m\u0131n ilk etab\u0131nda, Vak\u0131f Caddesi \u00fczerinde \u00e7al\u0131\u015fmalar\u0131m\u0131z ba\u015flad\u0131. Proje tamamland\u0131\u011f\u0131nda b\u00f6lgedeki ula\u015f\u0131m konforu artacak, \u00f6\u011frencilerimiz, sa\u011fl\u0131k \u00e7al\u0131\u015fanlar\u0131m\u0131z ve vatanda\u015flar\u0131m\u0131z kamp\u00fcs ve hastaneye daha h\u0131zl\u0131 bir \u015fekilde ula\u015fabilecek. Kentimiz i\u00e7in durmadan \u00e7al\u0131\u015fmaya devam edece\u011fiz&#8221; ifadelerini kulland\u0131.<br \/><\/p>\n","protected":false},"excerpt":{"rendered":"<p>Ayd\u0131n B\u00fcy\u00fck\u015fehir Belediye Ba\u015fkan\u0131 \u00d6zlem \u00c7er\u00e7io\u011flu, Ayd\u0131n\u2019\u0131 yat\u0131r\u0131m ve projeler ile bulu\u015fturmaya devam ediyor. AD\u00dc Hastanesi\u2019ne yeni yol g\u00fczergah\u0131nda ekipler \u00e7al\u0131\u015fmalara ba\u015flad\u0131. Kemer Mahallesi\u2019nden Adnan Menderes \u00dcniversitesi Aytepe Merkez Kamp\u00fcs\u00fc ile Adnan Menderes \u00dcniversitesi Uygulama ve Ara\u015ft\u0131rma Hastanesi\u2019ne uzanacak yeni yol g\u00fczergah\u0131nda \u00e7al\u0131\u015fmalar ba\u015flad\u0131. Ayd\u0131n B\u00fcy\u00fck\u015fehir Belediyesi ile Adnan Menderes \u00dcniversitesi i\u015fbirli\u011fiyle hayata ge\u00e7irilen projenin&#8230;<\/p>\n","protected":false},"author":1,"featured_media":86778,"comment_status":"open","ping_status":"open","sticky":false,"template":"","format":"standard","meta":{"_crdt_document":"","footnotes":""},"categories":[1],"tags":[],"class_list":["post-86777","post","type-post","status-publish","format-standard","has-post-thumbnail","hentry","category-guncel"],"_links":{"self":[{"href":"https:\/\/www.egemtv.com\/index.php?rest_route=\/wp\/v2\/posts\/86777","targetHints":{"allow":["GET"]}}],"collection":[{"href":"https:\/\/www.egemtv.com\/index.php?rest_route=\/wp\/v2\/posts"}],"about":[{"href":"https:\/\/www.egemtv.com\/index.php?rest_route=\/wp\/v2\/types\/post"}],"author":[{"embeddable":true,"href":"https:\/\/www.egemtv.com\/index.php?rest_route=\/wp\/v2\/users\/1"}],"replies":[{"embeddable":true,"href":"https:\/\/www.egemtv.com\/index.php?rest_route=%2Fwp%2Fv2%2Fcomments&post=86777"}],"version-history":[{"count":1,"href":"https:\/\/www.egemtv.com\/index.php?rest_route=\/wp\/v2\/posts\/86777\/revisions"}],"predecessor-version":[{"id":86779,"href":"https:\/\/www.egemtv.com\/index.php?rest_route=\/wp\/v2\/posts\/86777\/revisions\/86779"}],"wp:featuredmedia":[{"embeddable":true,"href":"https:\/\/www.egemtv.com\/index.php?rest_route=\/wp\/v2\/media\/86778"}],"wp:attachment":[{"href":"https:\/\/www.egemtv.com\/index.php?rest_route=%2Fwp%2Fv2%2Fmedia&parent=86777"}],"wp:term":[{"taxonomy":"category","embeddable":true,"href":"https:\/\/www.egemtv.com\/index.php?rest_route=%2Fwp%2Fv2%2Fcategories&post=86777"},{"taxonomy":"post_tag","embeddable":true,"href":"https:\/\/www.egemtv.com\/index.php?rest_route=%2Fwp%2Fv2%2Ftags&post=86777"}],"curies":[{"name":"wp","href":"https:\/\/api.w.org\/{rel}","templated":true}]}}