{"id":86774,"date":"2026-02-10T15:55:17","date_gmt":"2026-02-10T12:55:17","guid":{"rendered":"https:\/\/www.egemtv.com\/?p=86774"},"modified":"2026-02-10T15:55:18","modified_gmt":"2026-02-10T12:55:18","slug":"cameli-kuran-bulbullerinenev-sahipligi-yapti","status":"publish","type":"post","link":"https:\/\/www.egemtv.com\/?p=86774","title":{"rendered":"\u00c7ameli Kur\u2019an b\u00fclb\u00fcllerinenev sahipli\u011fi yapt\u0131"},"content":{"rendered":"<p>Denizli \u0130l Finali Gen\u00e7 Sada Kur\u2019an-\u0131 Kerim\u2019i G\u00fczel Okuma ve Haf\u0131zl\u0131k Yar\u0131\u015fmas\u0131, \u00c7ameli Anadolu \u0130mam Hatip Lisesi\u2019nde ger\u00e7ekle\u015ftirildi. Dereceye giren \u00f6\u011frencilere \u00f6d\u00fcller takdim edildi.<\/p>\n<p>Denizli \u0130l Finali Gen\u00e7 Sada Kur\u2019an-\u0131 Kerim\u2019i G\u00fczel Okuma ve Haf\u0131zl\u0131k Yar\u0131\u015fmas\u0131, \u00c7ameli Anadolu \u0130mam Hatip Lisesi\u2019nde ger\u00e7ekle\u015ftirildi. \u00c7ameli, Sarayk\u00f6y, Kale, Merkezefendi, \u00c7ivril, \u00c7al ve Pamukkale il\u00e7elerinden gelen \u00f6\u011frencilerin kat\u0131l\u0131m\u0131yla ger\u00e7ekle\u015fen yar\u0131\u015fmada dereceye giren \u00f6\u011frenciler, Denizli\u2019yi b\u00f6lge finallerinde temsil etmeye hak kazand\u0131. Yar\u0131\u015fma sonunda dereceye giren \u00f6\u011frencilere hediyeleri protokol \u00fcyeleri taraf\u0131ndan takdim edilirken, program hat\u0131ra foto\u011fraf\u0131 \u00e7ekimiyle sona erdi.<\/p>\n<p>Programa; \u00c7ameli Kaymakam\u0131 Mustafa \u00c7elik, \u00c7ameli Belediye Ba\u015fkan\u0131 Cengiz Arslan, \u00c7ameli \u0130l\u00e7e Mill\u00ee E\u011fitim M\u00fcd\u00fcr\u00fc Murat Uzun, \u0130l\u00e7e Emniyet Amiri Bilal Cing\u00f6r, \u0130l\u00e7e Jandarma Komutan\u0131 H\u00fcseyin Arslan, \u0130l Mill\u00ee E\u011fitim M\u00fcd\u00fcr Yard\u0131mc\u0131s\u0131 H\u00fcseyin Ba\u015fg\u00fcn, Merkezefendi \u0130l\u00e7e Mill\u00ee E\u011fitim \u015eube M\u00fcd\u00fcr\u00fc Ramazan Kayayurt, \u00c7ameli Anadolu \u0130mam Hatip Lisesi Okul M\u00fcd\u00fcr\u00fc Yunus \u00c7a\u011fda\u015f ile \u00f6\u011fretmenler ve \u00f6\u011frenciler kat\u0131ld\u0131.<\/p>\n<p>Kur\u2019an-\u0131 Kerim\u2019i G\u00fczel Okuma Yar\u0131\u015fmas\u0131 yar\u0131\u015fma sonu\u00e7lar\u0131; Cedide Abal\u0131o\u011flu Anadolu \u0130mam Hatip Lisesi\u2019nden Enes Zahit \u00d6lmez, Denizli Anadolu \u0130mam Hatip Lisesi\u2019nden Kerem Ensar \u0130nceler ve Hac\u0131 Y\u0131lmaz Emine Urhan Anadolu \u0130mam Hatip Lisesi\u2019nden Samet G\u00fcl se\u00e7ildi. Haf\u0131zl\u0131k yar\u0131\u015fmas\u0131ndan ise Merkezefendi Belediyesi Anadolu \u0130mam Hatip Lisesi\u2019nden Albaraa Elgabry, Servergazi Anadolu \u0130mam Hatip Lisesi\u2019nden Ahmet Seyit Soyu\u00e7ok ve Cedide Abal\u0131o\u011flu Anadolu \u0130mam Hatip Lisesi\u2019nden Moaz Mohamed se\u00e7ildi.<\/p>\n<p>\u00c7ameli Belediye Ba\u015fkan\u0131 Cengiz Arslan dereceye giren t\u00fcm \u00f6\u011frencilerimizi tebrik ederek, &#8220;Ba\u015far\u0131lar\u0131n\u0131n devam\u0131n\u0131 diliyoruz&#8221; dedi.<br \/><\/p>\n","protected":false},"excerpt":{"rendered":"<p>Denizli \u0130l Finali Gen\u00e7 Sada Kur\u2019an-\u0131 Kerim\u2019i G\u00fczel Okuma ve Haf\u0131zl\u0131k Yar\u0131\u015fmas\u0131, \u00c7ameli Anadolu \u0130mam Hatip Lisesi\u2019nde ger\u00e7ekle\u015ftirildi. Dereceye giren \u00f6\u011frencilere \u00f6d\u00fcller takdim edildi. Denizli \u0130l Finali Gen\u00e7 Sada Kur\u2019an-\u0131 Kerim\u2019i G\u00fczel Okuma ve Haf\u0131zl\u0131k Yar\u0131\u015fmas\u0131, \u00c7ameli Anadolu \u0130mam Hatip Lisesi\u2019nde ger\u00e7ekle\u015ftirildi. \u00c7ameli, Sarayk\u00f6y, Kale, Merkezefendi, \u00c7ivril, \u00c7al ve Pamukkale il\u00e7elerinden gelen \u00f6\u011frencilerin kat\u0131l\u0131m\u0131yla ger\u00e7ekle\u015fen&#8230;<\/p>\n","protected":false},"author":1,"featured_media":86775,"comment_status":"open","ping_status":"open","sticky":false,"template":"","format":"standard","meta":{"_crdt_document":"","footnotes":""},"categories":[1],"tags":[],"class_list":["post-86774","post","type-post","status-publish","format-standard","has-post-thumbnail","hentry","category-guncel"],"_links":{"self":[{"href":"https:\/\/www.egemtv.com\/index.php?rest_route=\/wp\/v2\/posts\/86774","targetHints":{"allow":["GET"]}}],"collection":[{"href":"https:\/\/www.egemtv.com\/index.php?rest_route=\/wp\/v2\/posts"}],"about":[{"href":"https:\/\/www.egemtv.com\/index.php?rest_route=\/wp\/v2\/types\/post"}],"author":[{"embeddable":true,"href":"https:\/\/www.egemtv.com\/index.php?rest_route=\/wp\/v2\/users\/1"}],"replies":[{"embeddable":true,"href":"https:\/\/www.egemtv.com\/index.php?rest_route=%2Fwp%2Fv2%2Fcomments&post=86774"}],"version-history":[{"count":1,"href":"https:\/\/www.egemtv.com\/index.php?rest_route=\/wp\/v2\/posts\/86774\/revisions"}],"predecessor-version":[{"id":86776,"href":"https:\/\/www.egemtv.com\/index.php?rest_route=\/wp\/v2\/posts\/86774\/revisions\/86776"}],"wp:featuredmedia":[{"embeddable":true,"href":"https:\/\/www.egemtv.com\/index.php?rest_route=\/wp\/v2\/media\/86775"}],"wp:attachment":[{"href":"https:\/\/www.egemtv.com\/index.php?rest_route=%2Fwp%2Fv2%2Fmedia&parent=86774"}],"wp:term":[{"taxonomy":"category","embeddable":true,"href":"https:\/\/www.egemtv.com\/index.php?rest_route=%2Fwp%2Fv2%2Fcategories&post=86774"},{"taxonomy":"post_tag","embeddable":true,"href":"https:\/\/www.egemtv.com\/index.php?rest_route=%2Fwp%2Fv2%2Ftags&post=86774"}],"curies":[{"name":"wp","href":"https:\/\/api.w.org\/{rel}","templated":true}]}}