{"id":86771,"date":"2026-02-10T15:55:16","date_gmt":"2026-02-10T12:55:16","guid":{"rendered":"https:\/\/www.egemtv.com\/?p=86771"},"modified":"2026-02-10T15:55:17","modified_gmt":"2026-02-10T12:55:17","slug":"denizlide-uc-aracin-karistigi-kazada-1-kisi-agir-yaralandi","status":"publish","type":"post","link":"https:\/\/www.egemtv.com\/?p=86771","title":{"rendered":"Denizli\u2019de \u00fc\u00e7 arac\u0131n kar\u0131\u015ft\u0131\u011f\u0131 kazada 1 ki\u015fi a\u011f\u0131r yaraland\u0131"},"content":{"rendered":"<p>Denizli\u2019de \u00fc\u00e7 arac\u0131n kav\u015fakta \u00e7arp\u0131\u015ft\u0131\u011f\u0131 kazada bir ki\u015fi a\u011f\u0131r yaraland\u0131.<br \/>\n<br \/>Kaza, Denizli\u2019nin Tavas il\u00e7esi Samanl\u0131k Mahallesi Sanayi Kav\u015fa\u011f\u0131\u2019nda meydana geldi. Seyir halinde olan \u00fc\u00e7 ara\u00e7 kav\u015fakta \u00e7arp\u0131\u015ft\u0131. \u00c7arp\u0131\u015fman\u0131n \u015fiddetiyle ara\u00e7larda b\u00fcy\u00fck \u00e7apta maddi hasar olu\u015furken, \u00e7evredekilerin ihbar\u0131 \u00fczerine olay yerine sa\u011fl\u0131k, polis ve itfaiye ekipleri sevk edildi. \u0130tfaiye ekipleri taraf\u0131ndan s\u0131k\u0131\u015ft\u0131\u011f\u0131 ara\u00e7tan kurtar\u0131lan bir yaral\u0131 sa\u011fl\u0131k ekipleri taraf\u0131ndan olay yerindeki ilk m\u00fcdahalesinin ard\u0131ndan hastaneye sevk edildi. hastaneye kald\u0131r\u0131lan yaral\u0131n\u0131n durumunun a\u011f\u0131r oldu\u011fu \u00f6\u011frenildi. Ara\u00e7lar\u0131n \u00e7ekici yard\u0131m\u0131yla yoldan kald\u0131r\u0131lmas\u0131n\u0131n ard\u0131ndan trafik normale d\u00f6nd\u00fcr\u00fcld\u00fc.<br \/>\n<br \/>Kazayla ilgili soru\u015fturma ba\u015flat\u0131ld\u0131.<br \/><\/p>\n","protected":false},"excerpt":{"rendered":"<p>Denizli\u2019de \u00fc\u00e7 arac\u0131n kav\u015fakta \u00e7arp\u0131\u015ft\u0131\u011f\u0131 kazada bir ki\u015fi a\u011f\u0131r yaraland\u0131. Kaza, Denizli\u2019nin Tavas il\u00e7esi Samanl\u0131k Mahallesi Sanayi Kav\u015fa\u011f\u0131\u2019nda meydana geldi. Seyir halinde olan \u00fc\u00e7 ara\u00e7 kav\u015fakta \u00e7arp\u0131\u015ft\u0131. \u00c7arp\u0131\u015fman\u0131n \u015fiddetiyle ara\u00e7larda b\u00fcy\u00fck \u00e7apta maddi hasar olu\u015furken, \u00e7evredekilerin ihbar\u0131 \u00fczerine olay yerine sa\u011fl\u0131k, polis ve itfaiye ekipleri sevk edildi. \u0130tfaiye ekipleri taraf\u0131ndan s\u0131k\u0131\u015ft\u0131\u011f\u0131 ara\u00e7tan kurtar\u0131lan bir yaral\u0131&#8230;<\/p>\n","protected":false},"author":1,"featured_media":86772,"comment_status":"open","ping_status":"open","sticky":false,"template":"","format":"standard","meta":{"_crdt_document":"","footnotes":""},"categories":[5],"tags":[],"class_list":["post-86771","post","type-post","status-publish","format-standard","has-post-thumbnail","hentry","category-asayis"],"_links":{"self":[{"href":"https:\/\/www.egemtv.com\/index.php?rest_route=\/wp\/v2\/posts\/86771","targetHints":{"allow":["GET"]}}],"collection":[{"href":"https:\/\/www.egemtv.com\/index.php?rest_route=\/wp\/v2\/posts"}],"about":[{"href":"https:\/\/www.egemtv.com\/index.php?rest_route=\/wp\/v2\/types\/post"}],"author":[{"embeddable":true,"href":"https:\/\/www.egemtv.com\/index.php?rest_route=\/wp\/v2\/users\/1"}],"replies":[{"embeddable":true,"href":"https:\/\/www.egemtv.com\/index.php?rest_route=%2Fwp%2Fv2%2Fcomments&post=86771"}],"version-history":[{"count":1,"href":"https:\/\/www.egemtv.com\/index.php?rest_route=\/wp\/v2\/posts\/86771\/revisions"}],"predecessor-version":[{"id":86773,"href":"https:\/\/www.egemtv.com\/index.php?rest_route=\/wp\/v2\/posts\/86771\/revisions\/86773"}],"wp:featuredmedia":[{"embeddable":true,"href":"https:\/\/www.egemtv.com\/index.php?rest_route=\/wp\/v2\/media\/86772"}],"wp:attachment":[{"href":"https:\/\/www.egemtv.com\/index.php?rest_route=%2Fwp%2Fv2%2Fmedia&parent=86771"}],"wp:term":[{"taxonomy":"category","embeddable":true,"href":"https:\/\/www.egemtv.com\/index.php?rest_route=%2Fwp%2Fv2%2Fcategories&post=86771"},{"taxonomy":"post_tag","embeddable":true,"href":"https:\/\/www.egemtv.com\/index.php?rest_route=%2Fwp%2Fv2%2Ftags&post=86771"}],"curies":[{"name":"wp","href":"https:\/\/api.w.org\/{rel}","templated":true}]}}