{"id":86765,"date":"2026-02-10T15:55:14","date_gmt":"2026-02-10T12:55:14","guid":{"rendered":"https:\/\/www.egemtv.com\/?p=86765"},"modified":"2026-02-10T15:55:15","modified_gmt":"2026-02-10T12:55:15","slug":"kalede-alevlere-teslim-olan-ev-kullanilamaz-hale-geldi","status":"publish","type":"post","link":"https:\/\/www.egemtv.com\/?p=86765","title":{"rendered":"Kale\u2019de alevlere teslim olan ev kullan\u0131lamaz hale geldi"},"content":{"rendered":"<p>Denizli\u2019nin Kale il\u00e7esinde \u00e7\u0131kan ev yang\u0131n\u0131, itfaiye ekiplerinin yo\u011fun m\u00fcdahalesiyle kontrol alt\u0131na al\u0131nd\u0131. Alevlerden b\u00fcy\u00fck zarar g\u00f6ren ev kullan\u0131lamaz hale geldi.<br \/>\n<br \/>Yang\u0131n, Denizli\u2019nin Kale il\u00e7esi Muslug\u00fcme Mahallesi\u2019nde meydana geldi. Edinilen bilgiye g\u00f6re , 2 katl\u0131 bir evden y\u00fckselen dumanlar\u0131 fark eden \u00e7evredeki vatanda\u015flar durumu 112 Acil \u00c7a\u011fr\u0131 Merkezi\u2019ne bildirdi. \u0130hbar \u00fczerine b\u00f6lgeye Kale ve Tavas \u0130tfaiye \u015eubesi ekipleri ile jandarma sevk edildi. \u0130tfaiye ekiplerinin yo\u011fun ve koordineli m\u00fcdahalesi sonucu yang\u0131n k\u0131sa s\u00fcrede kontrol alt\u0131na al\u0131narak s\u00f6nd\u00fcr\u00fcld\u00fc. Olayda can kayb\u0131 ya\u015fanmazken, evde maddi hasar meydana geldi\u011fi \u00f6\u011frenildi.<br \/>\n<br \/>Yang\u0131n\u0131n \u00e7\u0131k\u0131\u015f nedeni ile ilgili inceleme ba\u015flat\u0131ld\u0131.<br \/><\/p>\n","protected":false},"excerpt":{"rendered":"<p>Denizli\u2019nin Kale il\u00e7esinde \u00e7\u0131kan ev yang\u0131n\u0131, itfaiye ekiplerinin yo\u011fun m\u00fcdahalesiyle kontrol alt\u0131na al\u0131nd\u0131. Alevlerden b\u00fcy\u00fck zarar g\u00f6ren ev kullan\u0131lamaz hale geldi. Yang\u0131n, Denizli\u2019nin Kale il\u00e7esi Muslug\u00fcme Mahallesi\u2019nde meydana geldi. Edinilen bilgiye g\u00f6re , 2 katl\u0131 bir evden y\u00fckselen dumanlar\u0131 fark eden \u00e7evredeki vatanda\u015flar durumu 112 Acil \u00c7a\u011fr\u0131 Merkezi\u2019ne bildirdi. \u0130hbar \u00fczerine b\u00f6lgeye Kale ve Tavas&#8230;<\/p>\n","protected":false},"author":1,"featured_media":86766,"comment_status":"open","ping_status":"open","sticky":false,"template":"","format":"standard","meta":{"_crdt_document":"","footnotes":""},"categories":[5],"tags":[],"class_list":["post-86765","post","type-post","status-publish","format-standard","has-post-thumbnail","hentry","category-asayis"],"_links":{"self":[{"href":"https:\/\/www.egemtv.com\/index.php?rest_route=\/wp\/v2\/posts\/86765","targetHints":{"allow":["GET"]}}],"collection":[{"href":"https:\/\/www.egemtv.com\/index.php?rest_route=\/wp\/v2\/posts"}],"about":[{"href":"https:\/\/www.egemtv.com\/index.php?rest_route=\/wp\/v2\/types\/post"}],"author":[{"embeddable":true,"href":"https:\/\/www.egemtv.com\/index.php?rest_route=\/wp\/v2\/users\/1"}],"replies":[{"embeddable":true,"href":"https:\/\/www.egemtv.com\/index.php?rest_route=%2Fwp%2Fv2%2Fcomments&post=86765"}],"version-history":[{"count":1,"href":"https:\/\/www.egemtv.com\/index.php?rest_route=\/wp\/v2\/posts\/86765\/revisions"}],"predecessor-version":[{"id":86767,"href":"https:\/\/www.egemtv.com\/index.php?rest_route=\/wp\/v2\/posts\/86765\/revisions\/86767"}],"wp:featuredmedia":[{"embeddable":true,"href":"https:\/\/www.egemtv.com\/index.php?rest_route=\/wp\/v2\/media\/86766"}],"wp:attachment":[{"href":"https:\/\/www.egemtv.com\/index.php?rest_route=%2Fwp%2Fv2%2Fmedia&parent=86765"}],"wp:term":[{"taxonomy":"category","embeddable":true,"href":"https:\/\/www.egemtv.com\/index.php?rest_route=%2Fwp%2Fv2%2Fcategories&post=86765"},{"taxonomy":"post_tag","embeddable":true,"href":"https:\/\/www.egemtv.com\/index.php?rest_route=%2Fwp%2Fv2%2Ftags&post=86765"}],"curies":[{"name":"wp","href":"https:\/\/api.w.org\/{rel}","templated":true}]}}