{"id":86759,"date":"2026-02-10T15:55:11","date_gmt":"2026-02-10T12:55:11","guid":{"rendered":"https:\/\/www.egemtv.com\/?p=86759"},"modified":"2026-02-10T15:55:12","modified_gmt":"2026-02-10T12:55:12","slug":"bicaklanarak-oldurulen-yasli-cift-son-yolculuklarina-ugurlandi","status":"publish","type":"post","link":"https:\/\/www.egemtv.com\/?p=86759","title":{"rendered":"B\u0131\u00e7aklanarak \u00f6ld\u00fcr\u00fclen ya\u015fl\u0131 \u00e7ift son yolculuklar\u0131na u\u011furland\u0131"},"content":{"rendered":"<p>Ayd\u0131n\u2019\u0131n Efeler il\u00e7esinde b\u0131\u00e7aklanarak \u00f6ld\u00fcr\u00fclm\u00fc\u015f halde bulunan 80 ya\u015f\u0131ndaki Ahmet ve Nuran \u00c7akalo\u011flu \u00e7ifti son yolculuklar\u0131na u\u011furlan\u0131rken anne ve babalar\u0131n\u0131n tabutlar\u0131na sar\u0131l\u0131p g\u00f6z ya\u015f\u0131 d\u00f6ken o\u011fullar\u0131, &#8220;Bu olay tamamen hunharca ve kahpece yap\u0131lan bir cinayet&#8221; ifadelerini kulland\u0131.<br \/>\n<br \/>Olay, Me\u015frutiyet Mahallesi K\u00fclt\u00fcr Caddesi \u00fczerindeki m\u00fcstakil dubleks bir evde 8 \u015eubat Pazar g\u00fcn\u00fc saat 17.00 s\u0131ralar\u0131nda meydana geldi. Edinilen bilgiye g\u00f6re, doktor oldu\u011fu \u00f6\u011frenilen Ahmet \u00c7akalo\u011flu bir s\u00fcredir haber alamad\u0131\u011f\u0131 anne ve babas\u0131n\u0131n ya\u015fad\u0131\u011f\u0131 eve gitti. Eve giren \u00c7akalo\u011flu, anne ve babas\u0131n\u0131 kanlar i\u00e7erisinde yerde yatarken buldu. 112 Acil \u00c7a\u011fr\u0131 Merkezi\u2019ne yap\u0131lan ihbar \u00fczerine adrese sa\u011fl\u0131k ve polis ekipleri sevk edildi. Olay yerine gelen sa\u011fl\u0131k ekipleri, Turgut (80) ve Nuran \u00c7akalo\u011flu\u2019nun (80) v\u00fccudunun \u00e7e\u015fitli yerlerinden ald\u0131klar\u0131 b\u0131\u00e7ak darbeleri sonucu hayatlar\u0131n\u0131 kaybetti\u011fini belirledi. Ya\u015fl\u0131 \u00e7iftin cans\u0131z bedenleri, olay yerindeki incelemelerin ard\u0131ndan hastane morguna kald\u0131r\u0131ld\u0131. Olayla ilgili faillerin yakalanmas\u0131 i\u00e7in polis ekipleri \u00e7al\u0131\u015fma ba\u015flatt\u0131.<\/p>\n<p>&#8220;Topra\u011fa verildiler&#8221;<br \/>\n<br \/>Yap\u0131lan otopsi sonras\u0131 Ahmet ve Nuran \u00c7akalo\u011flu \u00e7ifti i\u00e7in Efeler Bey Camii\u2019nde \u00f6\u011fle namaz\u0131n\u0131 m\u00fcteakip cenaze t\u00f6reni d\u00fczenlendi. \u00c7akalo\u011flu \u00e7iftinin o\u011fullar\u0131 anne ve babalar\u0131n\u0131n tabutlar\u0131na defalarca sar\u0131l\u0131p g\u00f6z ya\u015flar\u0131n\u0131 tutamazken, Efeler Belediye Ba\u015fkan\u0131 An\u0131l Yeti\u015fkin ba\u015fta olmak \u00fczere ailenin yak\u0131nlar\u0131 ac\u0131l\u0131 karde\u015fleri yaln\u0131z b\u0131rakmad\u0131. Ya\u015fl\u0131 \u00e7ift al\u0131nan helallik ve k\u0131l\u0131nan cenaze namaz\u0131n\u0131n ard\u0131ndan Germencik H\u0131d\u0131rbeyli Mahalle Mezarl\u0131\u011f\u0131\u2019nda topra\u011fa verildi.<\/p>\n<p>\u00c7akalo\u011flu karde\u015fler: &#8220;Hunharca i\u015flenmi\u015f bir cinayet&#8221;<br \/>\n<br \/>Cenaze t\u00f6reninde Turgut ve Nuran \u00c7akalo\u011flu \u00e7iftinin o\u011fullar\u0131 Ahmet ve Serhat \u00c7akalo\u011flu karde\u015fler, &#8220;Bu olay tamamen hunharca ve kahpece yap\u0131lan bir cinayet&#8221; ifadelerini kulland\u0131.<br \/><\/p>\n","protected":false},"excerpt":{"rendered":"<p>Ayd\u0131n\u2019\u0131n Efeler il\u00e7esinde b\u0131\u00e7aklanarak \u00f6ld\u00fcr\u00fclm\u00fc\u015f halde bulunan 80 ya\u015f\u0131ndaki Ahmet ve Nuran \u00c7akalo\u011flu \u00e7ifti son yolculuklar\u0131na u\u011furlan\u0131rken anne ve babalar\u0131n\u0131n tabutlar\u0131na sar\u0131l\u0131p g\u00f6z ya\u015f\u0131 d\u00f6ken o\u011fullar\u0131, &#8220;Bu olay tamamen hunharca ve kahpece yap\u0131lan bir cinayet&#8221; ifadelerini kulland\u0131. Olay, Me\u015frutiyet Mahallesi K\u00fclt\u00fcr Caddesi \u00fczerindeki m\u00fcstakil dubleks bir evde 8 \u015eubat Pazar g\u00fcn\u00fc saat 17.00 s\u0131ralar\u0131nda meydana&#8230;<\/p>\n","protected":false},"author":1,"featured_media":86760,"comment_status":"open","ping_status":"open","sticky":false,"template":"","format":"standard","meta":{"_crdt_document":"","footnotes":""},"categories":[5],"tags":[],"class_list":["post-86759","post","type-post","status-publish","format-standard","has-post-thumbnail","hentry","category-asayis"],"_links":{"self":[{"href":"https:\/\/www.egemtv.com\/index.php?rest_route=\/wp\/v2\/posts\/86759","targetHints":{"allow":["GET"]}}],"collection":[{"href":"https:\/\/www.egemtv.com\/index.php?rest_route=\/wp\/v2\/posts"}],"about":[{"href":"https:\/\/www.egemtv.com\/index.php?rest_route=\/wp\/v2\/types\/post"}],"author":[{"embeddable":true,"href":"https:\/\/www.egemtv.com\/index.php?rest_route=\/wp\/v2\/users\/1"}],"replies":[{"embeddable":true,"href":"https:\/\/www.egemtv.com\/index.php?rest_route=%2Fwp%2Fv2%2Fcomments&post=86759"}],"version-history":[{"count":1,"href":"https:\/\/www.egemtv.com\/index.php?rest_route=\/wp\/v2\/posts\/86759\/revisions"}],"predecessor-version":[{"id":86761,"href":"https:\/\/www.egemtv.com\/index.php?rest_route=\/wp\/v2\/posts\/86759\/revisions\/86761"}],"wp:featuredmedia":[{"embeddable":true,"href":"https:\/\/www.egemtv.com\/index.php?rest_route=\/wp\/v2\/media\/86760"}],"wp:attachment":[{"href":"https:\/\/www.egemtv.com\/index.php?rest_route=%2Fwp%2Fv2%2Fmedia&parent=86759"}],"wp:term":[{"taxonomy":"category","embeddable":true,"href":"https:\/\/www.egemtv.com\/index.php?rest_route=%2Fwp%2Fv2%2Fcategories&post=86759"},{"taxonomy":"post_tag","embeddable":true,"href":"https:\/\/www.egemtv.com\/index.php?rest_route=%2Fwp%2Fv2%2Ftags&post=86759"}],"curies":[{"name":"wp","href":"https:\/\/api.w.org\/{rel}","templated":true}]}}