{"id":86756,"date":"2026-02-10T15:34:55","date_gmt":"2026-02-10T12:34:55","guid":{"rendered":"https:\/\/www.egemtv.com\/?p=86756"},"modified":"2026-02-10T15:34:56","modified_gmt":"2026-02-10T12:34:56","slug":"sokede-yillardir-konusulan-mahsuplasma-konusuna-baskan-arikandan-tarihi-hamle","status":"publish","type":"post","link":"https:\/\/www.egemtv.com\/?p=86756","title":{"rendered":"S\u00f6ke\u2019de y\u0131llard\u0131r konu\u015fulan \u2018Mahsupla\u015fma\u2019 konusuna Ba\u015fkan Ar\u0131kan\u2019dan tarihi hamle"},"content":{"rendered":"<p>S\u00f6ke Belediyesi\u2019nin uzun y\u0131llard\u0131r g\u00fcndeme gelen devlet bor\u00e7lar\u0131yla ilgili mahsupla\u015fma s\u00fcreci, Belediye Ba\u015fkan\u0131 Dr. Mustafa \u0130berya Ar\u0131kan\u2019\u0131n giri\u015fimleriyle somut \u00e7\u00f6z\u00fcme kavu\u015ftu. Belediyeye ait araziler \u00fczerinde yer alan ve aktif olarak kullan\u0131lan devlet binalar\u0131n\u0131n, Hazine\u2019ye ait ta\u015f\u0131nmazlarla trampa (takas) edilmesini kapsayan s\u00fcre\u00e7te ilk ve en \u00f6nemli ad\u0131m at\u0131ld\u0131.<\/p>\n<p>Bu kapsamda, Yenikent Mahallesi\u2019nde bulunan ve halen \u00d6\u011fretmen Nebahat Alpan \u0130lkokulu ve Ortaokulu olarak hizmet veren okul binas\u0131, devletle yap\u0131lacak mahsupla\u015fmaya konu edildi. Konu, \u015eubat ay\u0131 S\u00f6ke Belediye Meclisi\u2019nin ilk oturumunda Plan ve B\u00fct\u00e7e Komisyonu\u2019na havale edildi, komisyonun detayl\u0131 incelemesinin ard\u0131ndan meclisin ikinci oturumunda karara ba\u011fland\u0131.<\/p>\n<p>Plan ve B\u00fct\u00e7e Komisyonu taraf\u0131ndan yap\u0131lan de\u011ferlendirmede; belediyeye ait Yenikent Mahallesi 1337 ada 3 parselde bulunan, 9 bin 719,78 metrekare b\u00fcy\u00fckl\u00fc\u011f\u00fcndeki ve Temel E\u011fitim Alan\u0131 imarl\u0131 ta\u015f\u0131nmaz\u0131n de\u011ferinin 194 milyon 395 bin 600 TL oldu\u011fu tespit edildi.<\/p>\n<p>Hazine taraf\u0131ndan trampa i\u00e7in \u00f6nerilen ta\u015f\u0131nmazlar incelendi\u011finde, Ku\u015fadas\u0131 \u0130l\u00e7esi T\u00fcrkmen Mahallesi\u2019nde yer alan ve a\u011fa\u00e7land\u0131r\u0131lacak alanda kalan, yak\u0131n gelecekte imar almas\u0131 m\u00fcmk\u00fcn g\u00f6r\u00fcnmeyen parsel uygun bulunmad\u0131. Bunun yerine, Didim \u0130l\u00e7esi Hisar Mahallesi\u2019nde bulunan iki ayr\u0131 Hazine ta\u015f\u0131nmaz\u0131n\u0131n trampas\u0131n\u0131n daha do\u011fru ve kamu yarar\u0131na uygun olaca\u011f\u0131 y\u00f6n\u00fcnde g\u00f6r\u00fc\u015f bildirildi.<\/p>\n<p>Komisyon karar\u0131nda; Didim Hisar Mahallesi 1749 ada 3 parsel (4 bin 792,02 m &#8211; 124 milyon 592 bin 520 TL), Didim Hisar Mahallesi 2 bin 402 ada 1 parsel (5 bin 990,93 m &#8211; 143 milyon 782 bin 320 TL) olmak \u00fczere toplam 268 milyon TL\u2019yi a\u015fan iki ta\u015f\u0131nmaz\u0131n trampa edilmesinin uygun olaca\u011f\u0131 belirtildi. Yap\u0131lan hesaplamalar sonucunda, trampa i\u015flemi sonras\u0131 Hazine lehine olu\u015fan 73 milyon 979 bin 240 TL\u2019lik fark\u0131n, belediye b\u00fct\u00e7esinin imk\u00e2nlar\u0131 do\u011frultusunda pe\u015fin ya da taksitli olarak \u00f6denmesi kararla\u015ft\u0131r\u0131ld\u0131. \u0130\u015flemin, 5393 say\u0131l\u0131 Belediye Kanunu\u2019nun 18\/e maddesi kapsam\u0131nda yap\u0131lmas\u0131n\u0131n hukuken uygun oldu\u011fu vurguland\u0131.<\/p>\n<p>Plan ve B\u00fct\u00e7e Komisyonu\u2019nun raporu, S\u00f6ke Belediye Meclisi\u2019nin ikinci oturumunda g\u00f6r\u00fc\u015f\u00fclerek oy birli\u011fiyle kabul edildi. B\u00f6ylece S\u00f6ke Belediyesi\u2019nin y\u0131llard\u0131r \u00e7\u00f6z\u00fcm bekleyen devlet bor\u00e7lar\u0131yla ilgili mahsupla\u015fma s\u00fcrecinde en \u00f6nemli e\u015fik a\u015f\u0131lm\u0131\u015f oldu.<\/p>\n<p>Karar\u0131n al\u0131nmas\u0131ndan sonra S\u00f6ke Belediye Ba\u015fkan\u0131 Dr. Mustafa \u0130berya Ar\u0131kan; &#8220;Bu madde belediyemiz i\u00e7in \u00e7ok \u00f6nemliydi. Belediyenin s\u0131rt\u0131ndaki bir y\u00fck\u00fcn y\u0131llar sonra \u00e7\u00f6z\u00fcme kavu\u015fmas\u0131, karar\u0131n iktidar\u0131 ve muhalefetiyle birlikte oy birli\u011fiyle al\u0131nmas\u0131 sevindirici. Eme\u011fi ge\u00e7en herkese \u00e7ok te\u015fekk\u00fcr ediyorum&#8221; dedi.<\/p>\n<p>Al\u0131nan kararla birlikte, S\u00f6ke Belediyesi hem mali y\u00fck\u00fcn\u00fc daha y\u00f6netilebilir hale getirmeyi hem de fiilen devlet taraf\u0131ndan kullan\u0131lan belediye m\u00fclkleriyle ilgili belirsizli\u011fi ortadan kald\u0131rmay\u0131 hedefliyor. Ba\u015fkan Ar\u0131kan\u2019\u0131n bu ad\u0131m\u0131, &#8220;Y\u0131llard\u0131r konu\u015fulan ama \u00e7\u00f6z\u00fclemeyen bir sorunun, kararl\u0131 ve planl\u0131 bir yakla\u015f\u0131mla \u00e7\u00f6z\u00fcme kavu\u015fturulmas\u0131&#8221; olarak de\u011ferlendiriliyor.<br \/><\/p>\n","protected":false},"excerpt":{"rendered":"<p>S\u00f6ke Belediyesi\u2019nin uzun y\u0131llard\u0131r g\u00fcndeme gelen devlet bor\u00e7lar\u0131yla ilgili mahsupla\u015fma s\u00fcreci, Belediye Ba\u015fkan\u0131 Dr. Mustafa \u0130berya Ar\u0131kan\u2019\u0131n giri\u015fimleriyle somut \u00e7\u00f6z\u00fcme kavu\u015ftu. Belediyeye ait araziler \u00fczerinde yer alan ve aktif olarak kullan\u0131lan devlet binalar\u0131n\u0131n, Hazine\u2019ye ait ta\u015f\u0131nmazlarla trampa (takas) edilmesini kapsayan s\u00fcre\u00e7te ilk ve en \u00f6nemli ad\u0131m at\u0131ld\u0131. Bu kapsamda, Yenikent Mahallesi\u2019nde bulunan ve halen \u00d6\u011fretmen&#8230;<\/p>\n","protected":false},"author":1,"featured_media":86757,"comment_status":"open","ping_status":"open","sticky":false,"template":"","format":"standard","meta":{"_crdt_document":"","footnotes":""},"categories":[125],"tags":[],"class_list":["post-86756","post","type-post","status-publish","format-standard","has-post-thumbnail","hentry","category-ekonomi"],"_links":{"self":[{"href":"https:\/\/www.egemtv.com\/index.php?rest_route=\/wp\/v2\/posts\/86756","targetHints":{"allow":["GET"]}}],"collection":[{"href":"https:\/\/www.egemtv.com\/index.php?rest_route=\/wp\/v2\/posts"}],"about":[{"href":"https:\/\/www.egemtv.com\/index.php?rest_route=\/wp\/v2\/types\/post"}],"author":[{"embeddable":true,"href":"https:\/\/www.egemtv.com\/index.php?rest_route=\/wp\/v2\/users\/1"}],"replies":[{"embeddable":true,"href":"https:\/\/www.egemtv.com\/index.php?rest_route=%2Fwp%2Fv2%2Fcomments&post=86756"}],"version-history":[{"count":1,"href":"https:\/\/www.egemtv.com\/index.php?rest_route=\/wp\/v2\/posts\/86756\/revisions"}],"predecessor-version":[{"id":86758,"href":"https:\/\/www.egemtv.com\/index.php?rest_route=\/wp\/v2\/posts\/86756\/revisions\/86758"}],"wp:featuredmedia":[{"embeddable":true,"href":"https:\/\/www.egemtv.com\/index.php?rest_route=\/wp\/v2\/media\/86757"}],"wp:attachment":[{"href":"https:\/\/www.egemtv.com\/index.php?rest_route=%2Fwp%2Fv2%2Fmedia&parent=86756"}],"wp:term":[{"taxonomy":"category","embeddable":true,"href":"https:\/\/www.egemtv.com\/index.php?rest_route=%2Fwp%2Fv2%2Fcategories&post=86756"},{"taxonomy":"post_tag","embeddable":true,"href":"https:\/\/www.egemtv.com\/index.php?rest_route=%2Fwp%2Fv2%2Ftags&post=86756"}],"curies":[{"name":"wp","href":"https:\/\/api.w.org\/{rel}","templated":true}]}}