{"id":86753,"date":"2026-02-10T15:34:54","date_gmt":"2026-02-10T12:34:54","guid":{"rendered":"https:\/\/www.egemtv.com\/?p=86753"},"modified":"2026-02-10T15:34:55","modified_gmt":"2026-02-10T12:34:55","slug":"baskan-tugay-mesaiye-emekci-ile-basladi","status":"publish","type":"post","link":"https:\/\/www.egemtv.com\/?p=86753","title":{"rendered":"Ba\u015fkan Tugay, mesaiye emek\u00e7i ile ba\u015flad\u0131"},"content":{"rendered":"<p>\u0130zmir B\u00fcy\u00fck\u015fehir Belediye Ba\u015fkan\u0131 Cemil Tugay, g\u00fcn\u00fcn ilk saatlerinde Park ve Bah\u00e7eler Dairesi Ba\u015fkanl\u0131\u011f\u0131\u2019n\u0131 ziyaret etti. Ba\u015fkan Tugay, mesai \u00f6ncesi \u00e7al\u0131\u015fanlarla bir araya gelerek, &#8220;Benim iki amac\u0131m var. Birincisi bu \u015fehrin daha iyi olmas\u0131, ikincisi ise burada g\u00f6rev yapan arkada\u015flar\u0131m\u0131z\u0131n huzur i\u00e7inde \u00e7al\u0131\u015fabilmesini sa\u011flamak. Sizleri ve \u015fehrimizi daha mutlu g\u00f6rmek, her \u015feyin daha iyiye gitmesini sa\u011flamak benim i\u00e7in g\u00f6revimi tamamlamak demek&#8221; dedi.<br \/>\n<br \/>\u0130zmir B\u00fcy\u00fck\u015fehir Belediye Ba\u015fkan\u0131 Cemil Tugay, kentin ye\u015fil alanlar\u0131n\u0131 geli\u015ftirmek i\u00e7in gece g\u00fcnd\u00fcz \u00e7al\u0131\u015fan Park ve Bah\u00e7eler Dairesi Ba\u015fkanl\u0131\u011f\u0131 emek\u00e7ileriyle mesaiye ba\u015flad\u0131. Ba\u015fkan Tugay, Bornova\u2019daki Park ve Bah\u00e7eler Dairesi Ba\u015fkanl\u0131\u011f\u0131 yerle\u015fkesini ziyaret ederek, \u0130zmir B\u00fcy\u00fck\u015fehir Belediyesi Genel Sekreter Yard\u0131mc\u0131s\u0131 Halit \u00c7elik, Park ve Bah\u00e7eler Dairesi Ba\u015fkan\u0131 G\u00fcler Ezgi Atasoy ve ilgili birim m\u00fcd\u00fcrleriyle birlikte emek\u00e7ilerle bir araya geldi. Sabah mesaisine ba\u015flamadan \u00f6nce personelle kahvalt\u0131 yapan Ba\u015fkan Tugay, \u00e7al\u0131\u015fanlarla keyifli bir sohbet ger\u00e7ekle\u015ftirdi.<\/p>\n<p>&#8220;Sizleri ailem olarak g\u00f6r\u00fcyorum&#8221;<br \/>\n<br \/>Ba\u015fkan Tugay, Park ve Bah\u00e7eler Dairesi Ba\u015fkanl\u0131\u011f\u0131\u2019nda \u00e7al\u0131\u015fan emek\u00e7ilere te\u015fekk\u00fcr ederken, &#8220;Buras\u0131 benim etkilendi\u011fim yerlerden birisi. Buras\u0131 bizim \u00fcslerimizden birisi. Daha \u00e7ok gelip, gitmek istiyorum. Sizlere bakt\u0131\u011f\u0131m zaman ailemi, karde\u015flerimi, i\u015f arkada\u015flar\u0131m\u0131 g\u00f6r\u00fcyorum. Herhangi bir arkada\u015f\u0131m\u0131z s\u0131k\u0131nt\u0131daysa, bir ihtiyac\u0131 varsa bilmek isterim. S\u0131k\u0131nt\u0131da oldu\u011funuzda size elimden geleni yapmaya haz\u0131r\u0131m. Hep beraber zor bir d\u00f6nemden ge\u00e7iyoruz. \u00dclkede ekonomik zorluklar ve moral bozucu haberler her ge\u00e7en g\u00fcn art\u0131yor. Ama b\u00f6ylesine zor zamanlarda sahip \u00e7\u0131kmam\u0131z gereken \u015feyler var. Benim g\u00f6z\u00fcmde o sahip \u00e7\u0131kma, memlekettir, \u0130zmir\u2019dir, halkt\u0131r. En \u00f6nemlisi de, bu \u015fehrin y\u00fck\u00fcn\u00fc beraber ta\u015f\u0131d\u0131\u011f\u0131m arkada\u015flar\u0131m; sizlersiniz&#8221; \u015feklinde konu\u015ftu.<\/p>\n<p>&#8220;\u0130yi y\u00f6netemezsek hi\u00e7 kimseye yarar sa\u011flayamay\u0131z&#8221;<br \/>\n<br \/>Ba\u015fkan Tugay, belediyenin g\u00fc\u00e7lenerek yoluna devam etti\u011fini belirterek, &#8220;\u0130\u00e7inde bulundu\u011fumuz bu ortamda, bin t\u00fcrl\u00fc zorlu\u011fa ra\u011fmen \u0130zmir B\u00fcy\u00fck\u015fehir Belediyesi\u2019nin d\u00fczenli i\u015fleyi\u015fini sa\u011flamak ger\u00e7ekten \u00e7ok zor bir i\u015f. \u0130zmir B\u00fcy\u00fck\u015fehir Belediyesi, \u00e7ok b\u00fcy\u00fck ve g\u00fc\u00e7l\u00fc bir kurum. Hepimizin bundan gurur duymas\u0131 laz\u0131m. \u0130zmir\u2019le gurur duymal\u0131y\u0131z. Ama e\u011fer iyi y\u00f6netilmezse, savruk olursa, harcamalar\u0131n\u0131 kontrol edemezse, hesab\u0131n\u0131 kitab\u0131n\u0131 do\u011fru yapamazsa, kocaman bir yap\u0131 oluruz, ama hi\u00e7 kimsenin i\u015fine yaramay\u0131z. Ne \u00e7al\u0131\u015fan\u0131 mutlu ederiz, ne de d\u0131\u015far\u0131daki insanlar\u0131 mutlu edebiliriz&#8221; dedi.<\/p>\n<p>&#8220;Sizlere minnettar\u0131m&#8221;<br \/>\n<br \/>Ba\u015fkan Cemil Tugay, \u0130zmir B\u00fcy\u00fck\u015fehir Belediyesi\u2019nin zorlu g\u00f6revler \u00fcstlenen \u00e7al\u0131\u015fanlar\u0131na te\u015fekk\u00fcr ederken, &#8220;Yang\u0131n, sel, deprem gibi zorlay\u0131c\u0131 \u015fartlarda hep birlikte \u00e7al\u0131\u015f\u0131yoruz. \u00c7ok \u00f6zel, sayg\u0131ya de\u011fer i\u015fler yapan insanlarla bir arada olmaktan gurur duyuyorum. Benim iki amac\u0131m var. Birincisi, bu \u015fehrin daha iyi olmas\u0131, sorunlar\u0131n\u0131n \u00e7\u00f6z\u00fclmesi i\u00e7in \u00e7al\u0131\u015fmak. \u0130kincisi ise bu kurumda g\u00f6rev yapan arkada\u015flar\u0131m\u0131z\u0131n huzur ve refah i\u00e7inde, g\u00fcvenli bir ortamda \u00e7al\u0131\u015fabilmelerini sa\u011flamak.&#8221; dedi. &#8220;\u015eehrimizi ve sizleri daha iyi ve mutlu g\u00f6rmek, g\u00f6rev s\u00fcremde her \u015feyin daha iyiye gitmesini sa\u011flamak benim i\u00e7in en b\u00fcy\u00fck g\u00f6rev.&#8221; diyen Ba\u015fkan Tugay, s\u00f6zlerini \u015f\u00f6yle tamamlad\u0131:<br \/>\n<br \/>&#8220;Bunu hep birlikte ba\u015farabiliriz. \u015eehrimize, arkada\u015flar\u0131m\u0131za, \u00e7al\u0131\u015fanlar\u0131m\u0131za sahip \u00e7\u0131kal\u0131m. Belediyemizin iyiye gitti\u011fini bilin. \u0130n\u015fallah hep birlikte, mahcup olmayaca\u011f\u0131m\u0131z bir hizmet d\u00f6nemi ge\u00e7irece\u011fiz ve sizlerin daha iyi \u015fartlarda \u00e7al\u0131\u015fmas\u0131 i\u00e7in elimden gelen her \u015feyi yapaca\u011f\u0131m. Sizlere minnettar\u0131m. Allah sizden raz\u0131 olsun.&#8221;<br \/><\/p>\n","protected":false},"excerpt":{"rendered":"<p>\u0130zmir B\u00fcy\u00fck\u015fehir Belediye Ba\u015fkan\u0131 Cemil Tugay, g\u00fcn\u00fcn ilk saatlerinde Park ve Bah\u00e7eler Dairesi Ba\u015fkanl\u0131\u011f\u0131\u2019n\u0131 ziyaret etti. Ba\u015fkan Tugay, mesai \u00f6ncesi \u00e7al\u0131\u015fanlarla bir araya gelerek, &#8220;Benim iki amac\u0131m var. Birincisi bu \u015fehrin daha iyi olmas\u0131, ikincisi ise burada g\u00f6rev yapan arkada\u015flar\u0131m\u0131z\u0131n huzur i\u00e7inde \u00e7al\u0131\u015fabilmesini sa\u011flamak. Sizleri ve \u015fehrimizi daha mutlu g\u00f6rmek, her \u015feyin daha iyiye gitmesini&#8230;<\/p>\n","protected":false},"author":1,"featured_media":86754,"comment_status":"open","ping_status":"open","sticky":false,"template":"","format":"standard","meta":{"_crdt_document":"","footnotes":""},"categories":[1],"tags":[],"class_list":["post-86753","post","type-post","status-publish","format-standard","has-post-thumbnail","hentry","category-guncel"],"_links":{"self":[{"href":"https:\/\/www.egemtv.com\/index.php?rest_route=\/wp\/v2\/posts\/86753","targetHints":{"allow":["GET"]}}],"collection":[{"href":"https:\/\/www.egemtv.com\/index.php?rest_route=\/wp\/v2\/posts"}],"about":[{"href":"https:\/\/www.egemtv.com\/index.php?rest_route=\/wp\/v2\/types\/post"}],"author":[{"embeddable":true,"href":"https:\/\/www.egemtv.com\/index.php?rest_route=\/wp\/v2\/users\/1"}],"replies":[{"embeddable":true,"href":"https:\/\/www.egemtv.com\/index.php?rest_route=%2Fwp%2Fv2%2Fcomments&post=86753"}],"version-history":[{"count":1,"href":"https:\/\/www.egemtv.com\/index.php?rest_route=\/wp\/v2\/posts\/86753\/revisions"}],"predecessor-version":[{"id":86755,"href":"https:\/\/www.egemtv.com\/index.php?rest_route=\/wp\/v2\/posts\/86753\/revisions\/86755"}],"wp:featuredmedia":[{"embeddable":true,"href":"https:\/\/www.egemtv.com\/index.php?rest_route=\/wp\/v2\/media\/86754"}],"wp:attachment":[{"href":"https:\/\/www.egemtv.com\/index.php?rest_route=%2Fwp%2Fv2%2Fmedia&parent=86753"}],"wp:term":[{"taxonomy":"category","embeddable":true,"href":"https:\/\/www.egemtv.com\/index.php?rest_route=%2Fwp%2Fv2%2Fcategories&post=86753"},{"taxonomy":"post_tag","embeddable":true,"href":"https:\/\/www.egemtv.com\/index.php?rest_route=%2Fwp%2Fv2%2Ftags&post=86753"}],"curies":[{"name":"wp","href":"https:\/\/api.w.org\/{rel}","templated":true}]}}