{"id":86654,"date":"2026-02-10T11:14:34","date_gmt":"2026-02-10T08:14:34","guid":{"rendered":"https:\/\/www.egemtv.com\/?p=86654"},"modified":"2026-02-10T11:14:35","modified_gmt":"2026-02-10T08:14:35","slug":"burdurda-kuyuya-dusen-oglak-ekipler-tarafindan-kurtarildi","status":"publish","type":"post","link":"https:\/\/www.egemtv.com\/?p=86654","title":{"rendered":"Burdur\u2019da kuyuya d\u00fc\u015fen o\u011flak ekipler taraf\u0131ndan kurtar\u0131ld\u0131"},"content":{"rendered":"<p>Burdur\u2019un A\u011flasun il\u00e7esinde 20 metre derinli\u011findeki su kuyusuna d\u00fc\u015ferek 2 g\u00fcnd\u00fcr mahsur kalan o\u011flak, AFAD ekiplerinin \u00e7al\u0131\u015fmas\u0131yla kurtar\u0131ld\u0131.<br \/>\n<br \/>Olay, A\u011flasun il\u00e7esine ba\u011fl\u0131 Hisar k\u00f6y\u00fc yak\u0131nlar\u0131nda meydana geldi. Edinilen bilgilere g\u00f6re, bir o\u011flak hen\u00fcz belirlenemeyen bir nedenle yakla\u015f\u0131k 20 metre derinli\u011findeki su kuyusuna d\u00fc\u015ft\u00fc. O\u011fla\u011f\u0131n kuyuda mahsur kald\u0131\u011f\u0131n\u0131 fark eden vatanda\u015flar durumu yetkililere bildirdi. \u0130hbar \u00fczerine b\u00f6lgeye Burdur \u0130l Afet ve Acil Durum M\u00fcd\u00fcrl\u00fc\u011f\u00fc (AFAD) ekipleri sevk edildi. Ekiplerin \u00e7al\u0131\u015fmas\u0131 sonucu 2 g\u00fcnd\u00fcr kuyuda mahsur kalan o\u011fla\u011f\u0131 bulundu\u011fu yerden \u00e7\u0131kard\u0131. Kurtar\u0131lan o\u011flak, sa\u011fl\u0131k durumunun iyi oldu\u011funun belirlenmesinin ard\u0131ndan sahibine teslim edildi.<br \/><\/p>\n","protected":false},"excerpt":{"rendered":"<p>Burdur\u2019un A\u011flasun il\u00e7esinde 20 metre derinli\u011findeki su kuyusuna d\u00fc\u015ferek 2 g\u00fcnd\u00fcr mahsur kalan o\u011flak, AFAD ekiplerinin \u00e7al\u0131\u015fmas\u0131yla kurtar\u0131ld\u0131. Olay, A\u011flasun il\u00e7esine ba\u011fl\u0131 Hisar k\u00f6y\u00fc yak\u0131nlar\u0131nda meydana geldi. Edinilen bilgilere g\u00f6re, bir o\u011flak hen\u00fcz belirlenemeyen bir nedenle yakla\u015f\u0131k 20 metre derinli\u011findeki su kuyusuna d\u00fc\u015ft\u00fc. O\u011fla\u011f\u0131n kuyuda mahsur kald\u0131\u011f\u0131n\u0131 fark eden vatanda\u015flar durumu yetkililere bildirdi. \u0130hbar \u00fczerine&#8230;<\/p>\n","protected":false},"author":1,"featured_media":86655,"comment_status":"open","ping_status":"open","sticky":false,"template":"","format":"standard","meta":{"_crdt_document":"","footnotes":""},"categories":[5],"tags":[],"class_list":["post-86654","post","type-post","status-publish","format-standard","has-post-thumbnail","hentry","category-asayis"],"_links":{"self":[{"href":"https:\/\/www.egemtv.com\/index.php?rest_route=\/wp\/v2\/posts\/86654","targetHints":{"allow":["GET"]}}],"collection":[{"href":"https:\/\/www.egemtv.com\/index.php?rest_route=\/wp\/v2\/posts"}],"about":[{"href":"https:\/\/www.egemtv.com\/index.php?rest_route=\/wp\/v2\/types\/post"}],"author":[{"embeddable":true,"href":"https:\/\/www.egemtv.com\/index.php?rest_route=\/wp\/v2\/users\/1"}],"replies":[{"embeddable":true,"href":"https:\/\/www.egemtv.com\/index.php?rest_route=%2Fwp%2Fv2%2Fcomments&post=86654"}],"version-history":[{"count":1,"href":"https:\/\/www.egemtv.com\/index.php?rest_route=\/wp\/v2\/posts\/86654\/revisions"}],"predecessor-version":[{"id":86656,"href":"https:\/\/www.egemtv.com\/index.php?rest_route=\/wp\/v2\/posts\/86654\/revisions\/86656"}],"wp:featuredmedia":[{"embeddable":true,"href":"https:\/\/www.egemtv.com\/index.php?rest_route=\/wp\/v2\/media\/86655"}],"wp:attachment":[{"href":"https:\/\/www.egemtv.com\/index.php?rest_route=%2Fwp%2Fv2%2Fmedia&parent=86654"}],"wp:term":[{"taxonomy":"category","embeddable":true,"href":"https:\/\/www.egemtv.com\/index.php?rest_route=%2Fwp%2Fv2%2Fcategories&post=86654"},{"taxonomy":"post_tag","embeddable":true,"href":"https:\/\/www.egemtv.com\/index.php?rest_route=%2Fwp%2Fv2%2Ftags&post=86654"}],"curies":[{"name":"wp","href":"https:\/\/api.w.org\/{rel}","templated":true}]}}