{"id":86648,"date":"2026-02-10T10:54:47","date_gmt":"2026-02-10T07:54:47","guid":{"rendered":"https:\/\/www.egemtv.com\/?p=86648"},"modified":"2026-02-10T10:54:49","modified_gmt":"2026-02-10T07:54:49","slug":"aydinda-aranan-2-hukumlu-yakalandi","status":"publish","type":"post","link":"https:\/\/www.egemtv.com\/?p=86648","title":{"rendered":"Ayd\u0131n\u2019da aranan 2 h\u00fck\u00fcml\u00fc yakaland\u0131"},"content":{"rendered":"<p>Ayd\u0131n\u2019da jandarma ekiplerince aranan \u015fah\u0131slar\u0131n yakalanmas\u0131na y\u00f6nelik y\u00fcr\u00fct\u00fclen \u00e7al\u0131\u015fmalar kapsam\u0131nda, Didim ve Nazilli il\u00e7elerinde hakk\u0131nda kesinle\u015fmi\u015f hapis cezas\u0131 bulunan 2 h\u00fck\u00fcml\u00fc yakaland\u0131.<\/p>\n<p>Edinilen bilgiye g\u00f6re, Ayd\u0131n \u0130l Jandarma Komutanl\u0131\u011f\u0131 Nazilli \u0130l\u00e7e Jandarma Komutanl\u0131\u011f\u0131 ekiplerince 9 \u015eubat 2026 g\u00fcn\u00fc yap\u0131lan \u00e7al\u0131\u015fmada, \u2019kullanmak i\u00e7in uyu\u015fturucu veya uyar\u0131c\u0131 madde sat\u0131n almak, kabul etmek, bulundurmak ve kullanmak\u2019 su\u00e7undan aranan ve hakk\u0131nda 16 y\u0131l kesinle\u015fmi\u015f hapis cezas\u0131 bulunan Y.A. (40) yakaland\u0131.<\/p>\n<p>\u00d6te yandan Ayd\u0131n \u0130l Jandarma Komutanl\u0131\u011f\u0131 ekiplerince Didim il\u00e7esi m\u00fclki s\u0131n\u0131rlar\u0131 i\u00e7erisinde y\u00fcr\u00fct\u00fclen \u00e7al\u0131\u015fmada ise \u2019uyu\u015fturucu veya uyar\u0131c\u0131 madde ticareti yapma veya sa\u011flama\u2019 su\u00e7undan aranan ve hakk\u0131nda 8 y\u0131l 4 ay kesinle\u015fmi\u015f hapis cezas\u0131 bulunan \u00dc.G. de (26) yakaland\u0131.<\/p>\n<p>Yakalanan h\u00fck\u00fcml\u00fcler adli i\u015flemlerinin tamamlanmas\u0131n\u0131n ard\u0131ndan Kapal\u0131 Ceza \u0130nfaz Kurumlar\u0131na teslim edildi.<br \/><\/p>\n","protected":false},"excerpt":{"rendered":"<p>Ayd\u0131n\u2019da jandarma ekiplerince aranan \u015fah\u0131slar\u0131n yakalanmas\u0131na y\u00f6nelik y\u00fcr\u00fct\u00fclen \u00e7al\u0131\u015fmalar kapsam\u0131nda, Didim ve Nazilli il\u00e7elerinde hakk\u0131nda kesinle\u015fmi\u015f hapis cezas\u0131 bulunan 2 h\u00fck\u00fcml\u00fc yakaland\u0131. Edinilen bilgiye g\u00f6re, Ayd\u0131n \u0130l Jandarma Komutanl\u0131\u011f\u0131 Nazilli \u0130l\u00e7e Jandarma Komutanl\u0131\u011f\u0131 ekiplerince 9 \u015eubat 2026 g\u00fcn\u00fc yap\u0131lan \u00e7al\u0131\u015fmada, \u2019kullanmak i\u00e7in uyu\u015fturucu veya uyar\u0131c\u0131 madde sat\u0131n almak, kabul etmek, bulundurmak ve kullanmak\u2019 su\u00e7undan aranan&#8230;<\/p>\n","protected":false},"author":1,"featured_media":86649,"comment_status":"open","ping_status":"open","sticky":false,"template":"","format":"standard","meta":{"_crdt_document":"","footnotes":""},"categories":[5],"tags":[],"class_list":["post-86648","post","type-post","status-publish","format-standard","has-post-thumbnail","hentry","category-asayis"],"_links":{"self":[{"href":"https:\/\/www.egemtv.com\/index.php?rest_route=\/wp\/v2\/posts\/86648","targetHints":{"allow":["GET"]}}],"collection":[{"href":"https:\/\/www.egemtv.com\/index.php?rest_route=\/wp\/v2\/posts"}],"about":[{"href":"https:\/\/www.egemtv.com\/index.php?rest_route=\/wp\/v2\/types\/post"}],"author":[{"embeddable":true,"href":"https:\/\/www.egemtv.com\/index.php?rest_route=\/wp\/v2\/users\/1"}],"replies":[{"embeddable":true,"href":"https:\/\/www.egemtv.com\/index.php?rest_route=%2Fwp%2Fv2%2Fcomments&post=86648"}],"version-history":[{"count":1,"href":"https:\/\/www.egemtv.com\/index.php?rest_route=\/wp\/v2\/posts\/86648\/revisions"}],"predecessor-version":[{"id":86650,"href":"https:\/\/www.egemtv.com\/index.php?rest_route=\/wp\/v2\/posts\/86648\/revisions\/86650"}],"wp:featuredmedia":[{"embeddable":true,"href":"https:\/\/www.egemtv.com\/index.php?rest_route=\/wp\/v2\/media\/86649"}],"wp:attachment":[{"href":"https:\/\/www.egemtv.com\/index.php?rest_route=%2Fwp%2Fv2%2Fmedia&parent=86648"}],"wp:term":[{"taxonomy":"category","embeddable":true,"href":"https:\/\/www.egemtv.com\/index.php?rest_route=%2Fwp%2Fv2%2Fcategories&post=86648"},{"taxonomy":"post_tag","embeddable":true,"href":"https:\/\/www.egemtv.com\/index.php?rest_route=%2Fwp%2Fv2%2Ftags&post=86648"}],"curies":[{"name":"wp","href":"https:\/\/api.w.org\/{rel}","templated":true}]}}