{"id":86645,"date":"2026-02-10T10:54:47","date_gmt":"2026-02-10T07:54:47","guid":{"rendered":"https:\/\/www.egemtv.com\/?p=86645"},"modified":"2026-02-10T10:54:47","modified_gmt":"2026-02-10T07:54:47","slug":"muglanin-genc-yetenekleri-turkiye-sampiyonasina-damga-vurdu","status":"publish","type":"post","link":"https:\/\/www.egemtv.com\/?p=86645","title":{"rendered":"Mu\u011fla\u2019n\u0131n gen\u00e7 yetenekleri T\u00fcrkiye \u015eampiyonas\u0131\u2019na damga vurdu"},"content":{"rendered":"<p>Bursa\u2019da d\u00fczenlenen U16 T\u00fcrkiye Salon Atletizm \u015eampiyonas\u0131\u2019nda Mu\u011fla r\u00fczgar\u0131 esti. Gen\u00e7 sporcular elde ettikleri derecelerle \u015fehre gurur dolu bir d\u00f6n\u00fc\u015f yapt\u0131.<\/p>\n<p>7-8 \u015eubat 2026 tarihlerinde Bursa\u2019n\u0131n ev sahipli\u011fi yapt\u0131\u011f\u0131 U16 T\u00fcrkiye Salon Atletizm \u015eampiyonas\u0131\u2019nda Mu\u011flal\u0131 sporcular T\u00fcrkiye genelinde \u00f6nemli ba\u015far\u0131lara imza att\u0131. Salih Ilgaz Kocatepe, 60 metre engelli kategorisinde b\u00fcy\u00fck bir ba\u015far\u0131ya imza atarak T\u00fcrkiye 2.\u2019si oldu ve g\u00fcm\u00fc\u015f madalyay\u0131 boynuna takt\u0131. Ece Kurtulu\u015f, Uzun Atlama bran\u015f\u0131nda sergiledi\u011fi performansla T\u00fcrkiye 5.\u2019si olma ba\u015far\u0131s\u0131 g\u00f6sterdi. Irmak Demir, 800 m gibi zorlu bir mesafede m\u00fccadelesini b\u0131rakmayarak T\u00fcrkiye 6.\u2019s\u0131 oldu. Kerem \u0130nan, Uzun Atlama kategorisinde g\u00fc\u00e7l\u00fc rakipleri aras\u0131nda T\u00fcrkiye 8.\u2019si oldu.<br \/><\/p>\n","protected":false},"excerpt":{"rendered":"<p>Bursa\u2019da d\u00fczenlenen U16 T\u00fcrkiye Salon Atletizm \u015eampiyonas\u0131\u2019nda Mu\u011fla r\u00fczgar\u0131 esti. Gen\u00e7 sporcular elde ettikleri derecelerle \u015fehre gurur dolu bir d\u00f6n\u00fc\u015f yapt\u0131. 7-8 \u015eubat 2026 tarihlerinde Bursa\u2019n\u0131n ev sahipli\u011fi yapt\u0131\u011f\u0131 U16 T\u00fcrkiye Salon Atletizm \u015eampiyonas\u0131\u2019nda Mu\u011flal\u0131 sporcular T\u00fcrkiye genelinde \u00f6nemli ba\u015far\u0131lara imza att\u0131. Salih Ilgaz Kocatepe, 60 metre engelli kategorisinde b\u00fcy\u00fck bir ba\u015far\u0131ya imza atarak T\u00fcrkiye&#8230;<\/p>\n","protected":false},"author":1,"featured_media":86646,"comment_status":"open","ping_status":"open","sticky":false,"template":"","format":"standard","meta":{"_crdt_document":"","footnotes":""},"categories":[4],"tags":[],"class_list":["post-86645","post","type-post","status-publish","format-standard","has-post-thumbnail","hentry","category-spor"],"_links":{"self":[{"href":"https:\/\/www.egemtv.com\/index.php?rest_route=\/wp\/v2\/posts\/86645","targetHints":{"allow":["GET"]}}],"collection":[{"href":"https:\/\/www.egemtv.com\/index.php?rest_route=\/wp\/v2\/posts"}],"about":[{"href":"https:\/\/www.egemtv.com\/index.php?rest_route=\/wp\/v2\/types\/post"}],"author":[{"embeddable":true,"href":"https:\/\/www.egemtv.com\/index.php?rest_route=\/wp\/v2\/users\/1"}],"replies":[{"embeddable":true,"href":"https:\/\/www.egemtv.com\/index.php?rest_route=%2Fwp%2Fv2%2Fcomments&post=86645"}],"version-history":[{"count":1,"href":"https:\/\/www.egemtv.com\/index.php?rest_route=\/wp\/v2\/posts\/86645\/revisions"}],"predecessor-version":[{"id":86647,"href":"https:\/\/www.egemtv.com\/index.php?rest_route=\/wp\/v2\/posts\/86645\/revisions\/86647"}],"wp:featuredmedia":[{"embeddable":true,"href":"https:\/\/www.egemtv.com\/index.php?rest_route=\/wp\/v2\/media\/86646"}],"wp:attachment":[{"href":"https:\/\/www.egemtv.com\/index.php?rest_route=%2Fwp%2Fv2%2Fmedia&parent=86645"}],"wp:term":[{"taxonomy":"category","embeddable":true,"href":"https:\/\/www.egemtv.com\/index.php?rest_route=%2Fwp%2Fv2%2Fcategories&post=86645"},{"taxonomy":"post_tag","embeddable":true,"href":"https:\/\/www.egemtv.com\/index.php?rest_route=%2Fwp%2Fv2%2Ftags&post=86645"}],"curies":[{"name":"wp","href":"https:\/\/api.w.org\/{rel}","templated":true}]}}