{"id":86639,"date":"2026-02-10T10:54:45","date_gmt":"2026-02-10T07:54:45","guid":{"rendered":"https:\/\/www.egemtv.com\/?p=86639"},"modified":"2026-02-10T10:54:46","modified_gmt":"2026-02-10T07:54:46","slug":"izmirde-iki-kardesin-oldugu-kazada-carpici-detay","status":"publish","type":"post","link":"https:\/\/www.egemtv.com\/?p=86639","title":{"rendered":"\u0130zmir\u2019de iki karde\u015fin \u00f6ld\u00fc\u011f\u00fc kazada \u00e7arp\u0131c\u0131 detay"},"content":{"rendered":"<p>\u0130zmir\u2019in Menderes il\u00e7esinde iki k\u0131z karde\u015fin hayat\u0131n\u0131 kaybetti\u011fi trafik kazas\u0131na ili\u015fkin soru\u015fturmada, kazadan sonra kay\u0131plara kar\u0131\u015fan \u015f\u00fcpheli T.D.\u2019nin, \u0130zmir\u2019de ger\u00e7ekle\u015ftirilen tarihin en b\u00fcy\u00fck uyu\u015fturucu operasyonu kapsam\u0131nda arand\u0131\u011f\u0131, bu nedenle olay yerinden ka\u00e7t\u0131\u011f\u0131 \u00f6\u011frenildi. Jandarma ekipleri taraf\u0131ndan g\u00f6zalt\u0131na al\u0131nan \u015f\u00fcpheli, i\u015flemlerinin ard\u0131ndan tutuklama talebiyle adliyeye sevk edildi.<br \/>\n<br \/>Kaza, 6 \u015eubat ak\u015fam\u0131 Menderes\u2019te meydana geldi. 35 CPV 616 plakal\u0131 otomobilin dere yata\u011f\u0131na devrilmesi sonucu ara\u00e7ta bulunan Nergiz T\u00fcrkkal (21) ve Bal\u0131mnaz T\u00fcrkkal (16) ya\u015fam\u0131n\u0131 yitirdi. Kazadan sa\u011f kurtulan D.Y. (28) ile T.D. (33) ise ara\u00e7tan \u00e7\u0131karak olay yerini terk etti. Kazan\u0131n ertesi g\u00fcn\u00fc teslim olan D.Y.\u2019nin verdi\u011fi bilgiler do\u011frultusunda jandarma ekipleri olay yerine gitti. Nergiz T\u00fcrkkal\u2019\u0131n cans\u0131z bedenine ara\u00e7 i\u00e7erisinde ula\u015f\u0131l\u0131rken, Bal\u0131mnaz T\u00fcrkkal\u2019\u0131n cesedi dere kenar\u0131nda vatanda\u015flar taraf\u0131ndan bulundu.<br \/>\n<br \/>Soru\u015fturma kapsam\u0131nda yakalanan T.D.\u2019nin ifadesinde, e\u011flence mekanlar\u0131ndan d\u00f6n\u00fc\u015fte alkol ald\u0131klar\u0131n\u0131 ve arac\u0131n k\u00f6pr\u00fc \u00fczerinde kaza yaparak dere yata\u011f\u0131na d\u00fc\u015ft\u00fc\u011f\u00fcn\u00fc s\u00f6yledi\u011fi \u00f6\u011frenildi. Ancak T.D.\u2019nin, uyu\u015fturucu ticaretine y\u00f6nelik y\u00fcr\u00fct\u00fclen ve \u0130zmir tarihinin en b\u00fcy\u00fck operasyonu olarak kay\u0131tlara ge\u00e7en soru\u015fturma kapsam\u0131nda firari oldu\u011fu, bu nedenle kazadan sonra ka\u00e7t\u0131\u011f\u0131 belirlendi. Jandarmadaki i\u015flemlerinin ard\u0131ndan D.Y. serbest b\u0131rak\u0131l\u0131rken, uyu\u015fturucu operasyonundan da aranan T.D. tutuklama talebiyle adliyeye sevk edildi.<\/p>\n<p>Geriye bu g\u00f6r\u00fcnt\u00fcler kald\u0131<br \/>\n<br \/>\u00d6te yandan hayat\u0131n\u0131 kaybeden Bal\u0131mnaz T\u00fcrkkal\u2019\u0131n sosyal medya payla\u015f\u0131mlar\u0131nda uyu\u015fturucu kullan\u0131m\u0131na ve kad\u0131n cinayetlerine kar\u015f\u0131 tepkisini dile getirdi\u011fi g\u00f6r\u00fcld\u00fc.<br \/><\/p>\n","protected":false},"excerpt":{"rendered":"<p>\u0130zmir\u2019in Menderes il\u00e7esinde iki k\u0131z karde\u015fin hayat\u0131n\u0131 kaybetti\u011fi trafik kazas\u0131na ili\u015fkin soru\u015fturmada, kazadan sonra kay\u0131plara kar\u0131\u015fan \u015f\u00fcpheli T.D.\u2019nin, \u0130zmir\u2019de ger\u00e7ekle\u015ftirilen tarihin en b\u00fcy\u00fck uyu\u015fturucu operasyonu kapsam\u0131nda arand\u0131\u011f\u0131, bu nedenle olay yerinden ka\u00e7t\u0131\u011f\u0131 \u00f6\u011frenildi. Jandarma ekipleri taraf\u0131ndan g\u00f6zalt\u0131na al\u0131nan \u015f\u00fcpheli, i\u015flemlerinin ard\u0131ndan tutuklama talebiyle adliyeye sevk edildi. Kaza, 6 \u015eubat ak\u015fam\u0131 Menderes\u2019te meydana geldi. 35 CPV&#8230;<\/p>\n","protected":false},"author":1,"featured_media":86640,"comment_status":"open","ping_status":"open","sticky":false,"template":"","format":"standard","meta":{"_crdt_document":"","footnotes":""},"categories":[5],"tags":[],"class_list":["post-86639","post","type-post","status-publish","format-standard","has-post-thumbnail","hentry","category-asayis"],"_links":{"self":[{"href":"https:\/\/www.egemtv.com\/index.php?rest_route=\/wp\/v2\/posts\/86639","targetHints":{"allow":["GET"]}}],"collection":[{"href":"https:\/\/www.egemtv.com\/index.php?rest_route=\/wp\/v2\/posts"}],"about":[{"href":"https:\/\/www.egemtv.com\/index.php?rest_route=\/wp\/v2\/types\/post"}],"author":[{"embeddable":true,"href":"https:\/\/www.egemtv.com\/index.php?rest_route=\/wp\/v2\/users\/1"}],"replies":[{"embeddable":true,"href":"https:\/\/www.egemtv.com\/index.php?rest_route=%2Fwp%2Fv2%2Fcomments&post=86639"}],"version-history":[{"count":1,"href":"https:\/\/www.egemtv.com\/index.php?rest_route=\/wp\/v2\/posts\/86639\/revisions"}],"predecessor-version":[{"id":86641,"href":"https:\/\/www.egemtv.com\/index.php?rest_route=\/wp\/v2\/posts\/86639\/revisions\/86641"}],"wp:featuredmedia":[{"embeddable":true,"href":"https:\/\/www.egemtv.com\/index.php?rest_route=\/wp\/v2\/media\/86640"}],"wp:attachment":[{"href":"https:\/\/www.egemtv.com\/index.php?rest_route=%2Fwp%2Fv2%2Fmedia&parent=86639"}],"wp:term":[{"taxonomy":"category","embeddable":true,"href":"https:\/\/www.egemtv.com\/index.php?rest_route=%2Fwp%2Fv2%2Fcategories&post=86639"},{"taxonomy":"post_tag","embeddable":true,"href":"https:\/\/www.egemtv.com\/index.php?rest_route=%2Fwp%2Fv2%2Ftags&post=86639"}],"curies":[{"name":"wp","href":"https:\/\/api.w.org\/{rel}","templated":true}]}}