{"id":86636,"date":"2026-02-10T10:54:43","date_gmt":"2026-02-10T07:54:43","guid":{"rendered":"https:\/\/www.egemtv.com\/?p=86636"},"modified":"2026-02-10T10:54:45","modified_gmt":"2026-02-10T07:54:45","slug":"cinede-kacak-kaziya-jandarmadan-sucustu-operasyon-3-gozalti","status":"publish","type":"post","link":"https:\/\/www.egemtv.com\/?p=86636","title":{"rendered":"\u00c7ine\u2019de ka\u00e7ak kaz\u0131ya jandarmadan su\u00e7\u00fcst\u00fc operasyon: 3 g\u00f6zalt\u0131"},"content":{"rendered":"<p>Ayd\u0131n\u2019\u0131n \u00c7ine il\u00e7esinde izinsiz ka\u00e7ak kaz\u0131 yapan 3 \u015f\u00fcpheli jandarma ekiplerince su\u00e7\u00fcst\u00fc yakaland\u0131.<\/p>\n<p>Edinilen bilgiye g\u00f6re, Ayd\u0131n \u0130l Jandarma Komutanl\u0131\u011f\u0131 \u00c7ine \u0130l\u00e7e Jandarma Komutanl\u0131\u011f\u0131 ekipleri taraf\u0131ndan 9 \u015eubat 2026 g\u00fcn\u00fc \u00c7ine il\u00e7esi Sar\u0131k\u00f6y Mahallesi G\u00f6kbel Mevkii\u2019nde icra edilen devriye faaliyeti s\u0131ras\u0131nda izinsiz ka\u00e7ak kaz\u0131 yap\u0131ld\u0131\u011f\u0131 tespit edilen A.A. (40), A.B. (34) ve A.\u00c7. (45) isimli 3 \u015f\u00fcpheli kaz\u0131 yapt\u0131klar\u0131 s\u0131rada su\u00e7\u00fcst\u00fc yakaland\u0131. \u015e\u00fcphelilerin ka\u00e7ak kaz\u0131da kulland\u0131klar\u0131 metal dedekt\u00f6r\u00fc, y\u0131lan kamera, alan tarama cihazlar\u0131, matkap ve bataryalar\u0131 ile \u00e7e\u015fitli kaz\u0131 aletleri ve aparatlar ele ge\u00e7irildi.  Olayla ilgili olarak Cumhuriyet Savc\u0131s\u0131n\u0131n talimatlar\u0131 do\u011frultusunda adli tahkikat ba\u015flat\u0131l\u0131rken, \u015f\u00fcpheli \u015fah\u0131slar ifadelerinin al\u0131nmas\u0131n\u0131n ard\u0131ndan serbest b\u0131rak\u0131ld\u0131.<br \/><\/p>\n","protected":false},"excerpt":{"rendered":"<p>Ayd\u0131n\u2019\u0131n \u00c7ine il\u00e7esinde izinsiz ka\u00e7ak kaz\u0131 yapan 3 \u015f\u00fcpheli jandarma ekiplerince su\u00e7\u00fcst\u00fc yakaland\u0131. Edinilen bilgiye g\u00f6re, Ayd\u0131n \u0130l Jandarma Komutanl\u0131\u011f\u0131 \u00c7ine \u0130l\u00e7e Jandarma Komutanl\u0131\u011f\u0131 ekipleri taraf\u0131ndan 9 \u015eubat 2026 g\u00fcn\u00fc \u00c7ine il\u00e7esi Sar\u0131k\u00f6y Mahallesi G\u00f6kbel Mevkii\u2019nde icra edilen devriye faaliyeti s\u0131ras\u0131nda izinsiz ka\u00e7ak kaz\u0131 yap\u0131ld\u0131\u011f\u0131 tespit edilen A.A. (40), A.B. (34) ve A.\u00c7. (45) isimli&#8230;<\/p>\n","protected":false},"author":1,"featured_media":86637,"comment_status":"open","ping_status":"open","sticky":false,"template":"","format":"standard","meta":{"_crdt_document":"","footnotes":""},"categories":[5],"tags":[],"class_list":["post-86636","post","type-post","status-publish","format-standard","has-post-thumbnail","hentry","category-asayis"],"_links":{"self":[{"href":"https:\/\/www.egemtv.com\/index.php?rest_route=\/wp\/v2\/posts\/86636","targetHints":{"allow":["GET"]}}],"collection":[{"href":"https:\/\/www.egemtv.com\/index.php?rest_route=\/wp\/v2\/posts"}],"about":[{"href":"https:\/\/www.egemtv.com\/index.php?rest_route=\/wp\/v2\/types\/post"}],"author":[{"embeddable":true,"href":"https:\/\/www.egemtv.com\/index.php?rest_route=\/wp\/v2\/users\/1"}],"replies":[{"embeddable":true,"href":"https:\/\/www.egemtv.com\/index.php?rest_route=%2Fwp%2Fv2%2Fcomments&post=86636"}],"version-history":[{"count":1,"href":"https:\/\/www.egemtv.com\/index.php?rest_route=\/wp\/v2\/posts\/86636\/revisions"}],"predecessor-version":[{"id":86638,"href":"https:\/\/www.egemtv.com\/index.php?rest_route=\/wp\/v2\/posts\/86636\/revisions\/86638"}],"wp:featuredmedia":[{"embeddable":true,"href":"https:\/\/www.egemtv.com\/index.php?rest_route=\/wp\/v2\/media\/86637"}],"wp:attachment":[{"href":"https:\/\/www.egemtv.com\/index.php?rest_route=%2Fwp%2Fv2%2Fmedia&parent=86636"}],"wp:term":[{"taxonomy":"category","embeddable":true,"href":"https:\/\/www.egemtv.com\/index.php?rest_route=%2Fwp%2Fv2%2Fcategories&post=86636"},{"taxonomy":"post_tag","embeddable":true,"href":"https:\/\/www.egemtv.com\/index.php?rest_route=%2Fwp%2Fv2%2Ftags&post=86636"}],"curies":[{"name":"wp","href":"https:\/\/api.w.org\/{rel}","templated":true}]}}