{"id":86633,"date":"2026-02-10T10:14:54","date_gmt":"2026-02-10T07:14:54","guid":{"rendered":"https:\/\/www.egemtv.com\/?p=86633"},"modified":"2026-02-10T10:14:55","modified_gmt":"2026-02-10T07:14:55","slug":"doga-sporlari-gonulluleri-kucuku-olum-yil-donumunde-sandras-daginda-andi","status":"publish","type":"post","link":"https:\/\/www.egemtv.com\/?p=86633","title":{"rendered":"Do\u011fa sporlar\u0131 g\u00f6n\u00fcll\u00fcleri K\u00fc\u00e7\u00fck\u2019\u00fc \u00f6l\u00fcm y\u0131l d\u00f6n\u00fcm\u00fcnde Sandras da\u011f\u0131nda and\u0131"},"content":{"rendered":"<p>Ge\u00e7en y\u0131l 11 \u015eubat\u2019ta vefat eden emekli Mu\u011fla Vali Yard\u0131mc\u0131s\u0131 Ali Haydar K\u00fc\u00e7\u00fck\u2019\u00fc anmak i\u00e7in Mu\u011fla Doruk Do\u011fa Sporlar\u0131 kul\u00fcp sporcusu Fikret \u0130rez, Pakdos Denizli Sporcusu Nurettin Karaduman, Bodrum Zirve Da\u011fc\u0131l\u0131k Sporcular\u0131 S\u00fcleyman \u00c7imentepe, \u00d6zg\u00fcr Acar ve Hafize \u015eahin, 2 bin 50 metre y\u00fckseklikteki K\u00f6yce\u011fiz Sandras Alt\u0131nsivri da\u011f\u0131n\u0131n zirvesine t\u0131rmand\u0131.<br \/>\n<br \/>Mu\u011fla\u2019da do\u011fa sporlar\u0131n\u0131n geli\u015fmesine b\u00fcy\u00fck katk\u0131 sunan Ali Haydar K\u00fc\u00e7\u00fc ile \u00f6zde\u015fle\u015fen ve ismi Ali Haydar K\u00fc\u00e7\u00fck k\u00f6\u015fk\u00fc olarak bilinen kuru Ard\u0131\u00e7 a\u011fac\u0131na T\u00fcrk Bayra\u011f\u0131 ve tabela as\u0131larak Ali Haydar K\u00fc\u00e7\u00fck an\u0131ld\u0131.<br \/>\n<br \/>Merhum vali yard\u0131mc\u0131s\u0131 Ali Haydar K\u00fc\u00e7\u00fck\u2019\u00fc anmak i\u00e7in Denizli\u2019den gelen da\u011fc\u0131lar Topuklu yaylas\u0131ndan, Mu\u011fla grubu ise A\u011fla Yaylas\u0131 Gok\u00e7eova G\u00f6leti rotas\u0131ndan t\u0131rman\u0131\u015f ger\u00e7ekle\u015ftirdiler. Denizli ve Mu\u011fla\u2019l\u0131 da\u011fc\u0131lar Sandras \u00c7icekbaba zirvesinde bulu\u015ftu. Zirveye ula\u015ft\u0131klar\u0131nda merhum Vali Yard\u0131mc\u0131s\u0131 Ali Haydar \u00fc\u00e7\u00fck pankart\u0131 a\u00e7arak anma ger\u00e7ekle\u015ftirdiler.<br \/><\/p>\n","protected":false},"excerpt":{"rendered":"<p>Ge\u00e7en y\u0131l 11 \u015eubat\u2019ta vefat eden emekli Mu\u011fla Vali Yard\u0131mc\u0131s\u0131 Ali Haydar K\u00fc\u00e7\u00fck\u2019\u00fc anmak i\u00e7in Mu\u011fla Doruk Do\u011fa Sporlar\u0131 kul\u00fcp sporcusu Fikret \u0130rez, Pakdos Denizli Sporcusu Nurettin Karaduman, Bodrum Zirve Da\u011fc\u0131l\u0131k Sporcular\u0131 S\u00fcleyman \u00c7imentepe, \u00d6zg\u00fcr Acar ve Hafize \u015eahin, 2 bin 50 metre y\u00fckseklikteki K\u00f6yce\u011fiz Sandras Alt\u0131nsivri da\u011f\u0131n\u0131n zirvesine t\u0131rmand\u0131. Mu\u011fla\u2019da do\u011fa sporlar\u0131n\u0131n geli\u015fmesine b\u00fcy\u00fck&#8230;<\/p>\n","protected":false},"author":1,"featured_media":86634,"comment_status":"open","ping_status":"open","sticky":false,"template":"","format":"standard","meta":{"_crdt_document":"","footnotes":""},"categories":[123],"tags":[],"class_list":["post-86633","post","type-post","status-publish","format-standard","has-post-thumbnail","hentry","category-gundem"],"_links":{"self":[{"href":"https:\/\/www.egemtv.com\/index.php?rest_route=\/wp\/v2\/posts\/86633","targetHints":{"allow":["GET"]}}],"collection":[{"href":"https:\/\/www.egemtv.com\/index.php?rest_route=\/wp\/v2\/posts"}],"about":[{"href":"https:\/\/www.egemtv.com\/index.php?rest_route=\/wp\/v2\/types\/post"}],"author":[{"embeddable":true,"href":"https:\/\/www.egemtv.com\/index.php?rest_route=\/wp\/v2\/users\/1"}],"replies":[{"embeddable":true,"href":"https:\/\/www.egemtv.com\/index.php?rest_route=%2Fwp%2Fv2%2Fcomments&post=86633"}],"version-history":[{"count":1,"href":"https:\/\/www.egemtv.com\/index.php?rest_route=\/wp\/v2\/posts\/86633\/revisions"}],"predecessor-version":[{"id":86635,"href":"https:\/\/www.egemtv.com\/index.php?rest_route=\/wp\/v2\/posts\/86633\/revisions\/86635"}],"wp:featuredmedia":[{"embeddable":true,"href":"https:\/\/www.egemtv.com\/index.php?rest_route=\/wp\/v2\/media\/86634"}],"wp:attachment":[{"href":"https:\/\/www.egemtv.com\/index.php?rest_route=%2Fwp%2Fv2%2Fmedia&parent=86633"}],"wp:term":[{"taxonomy":"category","embeddable":true,"href":"https:\/\/www.egemtv.com\/index.php?rest_route=%2Fwp%2Fv2%2Fcategories&post=86633"},{"taxonomy":"post_tag","embeddable":true,"href":"https:\/\/www.egemtv.com\/index.php?rest_route=%2Fwp%2Fv2%2Ftags&post=86633"}],"curies":[{"name":"wp","href":"https:\/\/api.w.org\/{rel}","templated":true}]}}