{"id":86630,"date":"2026-02-10T10:14:53","date_gmt":"2026-02-10T07:14:53","guid":{"rendered":"https:\/\/www.egemtv.com\/?p=86630"},"modified":"2026-02-10T10:14:54","modified_gmt":"2026-02-10T07:14:54","slug":"emsav-mugladan-tuvturke-siyah-celenk","status":"publish","type":"post","link":"https:\/\/www.egemtv.com\/?p=86630","title":{"rendered":"EM\u015eAV Mu\u011fla\u2019dan T\u00dcVT\u00dcRK\u2019e siyah \u00e7elenk"},"content":{"rendered":"<p>Ankara\u2019da T\u00dcVT\u00dcRK ara\u00e7 muayene istasyonunda darp edilerek hayat\u0131n\u0131 kaybeden polis memuru Melih Okan Keskin\u2019e y\u00f6nelik yap\u0131lan sald\u0131r\u0131 sonras\u0131 Emniyet Te\u015fkilat\u0131 Vazife Mal\u00fcl\u00fc ve \u015eehit Aileleri Vakf\u0131 Mu\u011fla \u015eubesi taraf\u0131ndan Mu\u011fla T\u00dcVT\u00dcRK ara\u00e7 muayene istasyonu kap\u0131s\u0131na siyah \u00e7elenk b\u0131rak\u0131larak protesto edildi.<br \/>\n<br \/>EM\u015eAV Mu\u011fla \u0130l Ba\u015fkan\u0131 Cevdet G\u00fcrkan ve \u0130l Ba\u015fkan Vekili Ramazan P\u00f6k\u00fcn taraf\u0131ndan T\u00dcVT\u00dcRK ara\u00e7 muayene istasyonu kap\u0131s\u0131na b\u0131rak\u0131lan siyah \u00e7elenk sonras\u0131 a\u00e7\u0131klama yapan EM\u015eAV Mu\u011fla \u0130l Ba\u015fkan\u0131 Cevdet G\u00fcrkan, devletine ve milletine hizmet eden bir kamu g\u00f6revlisine y\u00f6nelik ger\u00e7ekle\u015ftirilen bu al\u00e7ak sald\u0131r\u0131y\u0131 en g\u00fc\u00e7l\u00fc \u015fekilde lanetlediklerini ve k\u0131nad\u0131klar\u0131n\u0131 a\u00e7\u0131klad\u0131. G\u00fcrkan yapt\u0131\u011f\u0131 a\u00e7\u0131klamada, &#8220;Ankara\u2019da T\u00dcV istasyonunda, T\u00fcrk demiyorum, \u00e7\u00fcnk\u00fc hi\u00e7bir T\u00fcrk polisine, jandarmas\u0131na el kald\u0131rmaz. Bizler Emniyet \u015eehit Aileleri Vakf\u0131 olarak, polisimizin her zaman yan\u0131nday\u0131z. Bir daha b\u00f6yle bir m\u00fcnferit olay\u0131n ya\u015fanmamas\u0131 i\u00e7in T\u00fcrkiye\u2019deki T\u00dcV istasyonlar\u0131n\u0131 bu duyarl\u0131l\u0131\u011fa davet ediyoruz. Polisimiz bir \u00fclkenin vicdan\u0131d\u0131r, jandarmam\u0131z bir \u00fclkenin merhametidir. Polisimize uzanan el tut, jandarmam\u0131zda uzanan el, adli yarg\u0131lanacak, k\u0131r\u0131lacakt\u0131r. Bunu herkes b\u00f6yle bilsin&#8221; dedi.<br \/><\/p>\n","protected":false},"excerpt":{"rendered":"<p>Ankara\u2019da T\u00dcVT\u00dcRK ara\u00e7 muayene istasyonunda darp edilerek hayat\u0131n\u0131 kaybeden polis memuru Melih Okan Keskin\u2019e y\u00f6nelik yap\u0131lan sald\u0131r\u0131 sonras\u0131 Emniyet Te\u015fkilat\u0131 Vazife Mal\u00fcl\u00fc ve \u015eehit Aileleri Vakf\u0131 Mu\u011fla \u015eubesi taraf\u0131ndan Mu\u011fla T\u00dcVT\u00dcRK ara\u00e7 muayene istasyonu kap\u0131s\u0131na siyah \u00e7elenk b\u0131rak\u0131larak protesto edildi. EM\u015eAV Mu\u011fla \u0130l Ba\u015fkan\u0131 Cevdet G\u00fcrkan ve \u0130l Ba\u015fkan Vekili Ramazan P\u00f6k\u00fcn taraf\u0131ndan T\u00dcVT\u00dcRK ara\u00e7&#8230;<\/p>\n","protected":false},"author":1,"featured_media":86631,"comment_status":"open","ping_status":"open","sticky":false,"template":"","format":"standard","meta":{"_crdt_document":"","footnotes":""},"categories":[5],"tags":[],"class_list":["post-86630","post","type-post","status-publish","format-standard","has-post-thumbnail","hentry","category-asayis"],"_links":{"self":[{"href":"https:\/\/www.egemtv.com\/index.php?rest_route=\/wp\/v2\/posts\/86630","targetHints":{"allow":["GET"]}}],"collection":[{"href":"https:\/\/www.egemtv.com\/index.php?rest_route=\/wp\/v2\/posts"}],"about":[{"href":"https:\/\/www.egemtv.com\/index.php?rest_route=\/wp\/v2\/types\/post"}],"author":[{"embeddable":true,"href":"https:\/\/www.egemtv.com\/index.php?rest_route=\/wp\/v2\/users\/1"}],"replies":[{"embeddable":true,"href":"https:\/\/www.egemtv.com\/index.php?rest_route=%2Fwp%2Fv2%2Fcomments&post=86630"}],"version-history":[{"count":1,"href":"https:\/\/www.egemtv.com\/index.php?rest_route=\/wp\/v2\/posts\/86630\/revisions"}],"predecessor-version":[{"id":86632,"href":"https:\/\/www.egemtv.com\/index.php?rest_route=\/wp\/v2\/posts\/86630\/revisions\/86632"}],"wp:featuredmedia":[{"embeddable":true,"href":"https:\/\/www.egemtv.com\/index.php?rest_route=\/wp\/v2\/media\/86631"}],"wp:attachment":[{"href":"https:\/\/www.egemtv.com\/index.php?rest_route=%2Fwp%2Fv2%2Fmedia&parent=86630"}],"wp:term":[{"taxonomy":"category","embeddable":true,"href":"https:\/\/www.egemtv.com\/index.php?rest_route=%2Fwp%2Fv2%2Fcategories&post=86630"},{"taxonomy":"post_tag","embeddable":true,"href":"https:\/\/www.egemtv.com\/index.php?rest_route=%2Fwp%2Fv2%2Ftags&post=86630"}],"curies":[{"name":"wp","href":"https:\/\/api.w.org\/{rel}","templated":true}]}}