{"id":86627,"date":"2026-02-10T10:14:52","date_gmt":"2026-02-10T07:14:52","guid":{"rendered":"https:\/\/www.egemtv.com\/?p=86627"},"modified":"2026-02-10T10:14:53","modified_gmt":"2026-02-10T07:14:53","slug":"104-metrelik-su-uckun-selalesi-dogaseverlerin-yeni-gozdesi","status":"publish","type":"post","link":"https:\/\/www.egemtv.com\/?p=86627","title":{"rendered":"104 metrelik \u2018Su U\u00e7kun \u015eelalesi\u2019 do\u011faseverlerin yeni g\u00f6zdesi"},"content":{"rendered":"<p>Mu\u011fla\u2019n\u0131n Dalaman il\u00e7esine ba\u011fl\u0131 Elcik Mahallesi\u2019nde bulunan ve T\u00fcrkiye\u2019nin en y\u00fcksek ikinci \u015felalesi olarak adland\u0131r\u0131lan \u2018Su U\u00e7kun \u015eelalesi\u2019, 104 metrelik y\u00fcksekli\u011fiyle do\u011faseverlerin ilgisini \u00e7ekiyor. Dalaman il\u00e7e merkezine 34 kilometre uzakl\u0131kta olan, b\u00f6lge insan\u0131n\u0131n bildi\u011fi, do\u011faseverlerin ilk defa ke\u015ffetti\u011fi \u015felale yo\u011fun ya\u011f\u0131\u015flarda 200 metre y\u00fcksekli\u011fe sahip dik ve sarp da\u011f\u0131n ortas\u0131ndan akarak vadiye kar\u0131\u015f\u0131yor.<br \/>\n<br \/>K\u0131\u015f aylar\u0131nda etkili olan yo\u011fun ya\u011f\u0131\u015flar\u0131n ard\u0131ndan daha g\u00fcr akan \u015felale, hem T\u00fcrkiye\u2019den hem de yurt d\u0131\u015f\u0131ndan \u00e7ok say\u0131da ziyaret\u00e7iyi a\u011f\u0131rl\u0131yor. Do\u011fal yap\u0131s\u0131, sarp kayal\u0131klar\u0131n aras\u0131ndan s\u00fcz\u00fcl\u00fcp gelen ve etkileyici manzaras\u0131yla \u00f6ne \u00e7\u0131kan Su U\u00e7kun \u015eelalesi, \u00f6zellikle mahalle sakinleri taraf\u0131ndan sosyal medyada s\u0131k s\u0131k yap\u0131lan payla\u015f\u0131mlar sonras\u0131 artan tan\u0131t\u0131m \u00e7al\u0131\u015fmalar\u0131yla daha fazla insan\u0131n ilgisini \u00e7ekmeye ba\u015flad\u0131.<br \/>\n<br \/>Elcik Mahallesi taraf\u0131ndan a\u00e7\u0131lan sosyal medya hesaplar\u0131nda s\u0131k s\u0131k payla\u015f\u0131lan \u015felale g\u00f6r\u00fcnt\u00fcleri, b\u00f6lgeye olan ilgiyi her ge\u00e7en g\u00fcn art\u0131r\u0131rken, \u015felaleyi yerinde g\u00f6rmek isteyen ziyaret\u00e7ilerin say\u0131s\u0131nda da art\u0131\u015f ya\u015fan\u0131yor.<\/p>\n<p>&#8220;Yurt i\u00e7i ve yurt d\u0131\u015f\u0131ndan ziyaret\u00e7i gelmeye ba\u015flad\u0131&#8221;<br \/>\n<br \/>\u015eelaleyi y\u00f6re halk\u0131 olarak y\u0131llard\u0131r bildiklerini, her y\u0131l yo\u011fun ya\u011f\u0131\u015flarda \u015felalenin akt\u0131\u011f\u0131n\u0131, Haziran aylar\u0131nda ise suyunun kesildi\u011fini belirten Elcik Mahalle Muhtar\u0131 Ey\u00fcp Ceylan, &#8220;\u00c7ok eskilere uzanan bir tarih. Tarihini biz de bilmiyoruz. Bu Toroslar\u0131n uzant\u0131s\u0131 bir da\u011f\u0131m\u0131z. Orada b\u00f6yle bir Cenab\u0131 Allah taraf\u0131ndan b\u00f6yle bir \u015felale olu\u015fmu\u015f. Ya\u011f\u0131\u015flar oldu\u011fu zaman \u00e7ok g\u00fczel oluyor. Ama ya\u011f\u0131\u015flar olmad\u0131\u011f\u0131 zaman Nisan-May\u0131s aylar\u0131nda sular\u0131m\u0131z kesildi\u011finde \u015felale biter. \u00c7ok gelen giden var. Ge\u00e7enlerde Denizli\u2019den geldiler, Bursa\u2019dan geldiler, \u0130stanbul\u2019dan d\u0131\u015far\u0131dan geldiler. \u0130ki d\u0131\u015f \u00fclkeden geldiler. Y\u00fcr\u00fcy\u00fc\u015f yap\u0131yorlar, iple atl\u0131yorlar yukar\u0131dan, iple indiler ge\u00e7enlerde bu b\u00fcy\u00fck ya\u011f\u0131\u015flarda&#8221; dedi.<\/p>\n<p>&#8220;Turizme kazand\u0131r\u0131lmal\u0131&#8221;<br \/>\n<br \/>Dalaman\u2019da oturan Emre \u015eahin, \u015felalenin Mu\u011fla\u2019n\u0131n g\u00f6r\u00fcnmeyen y\u00fcz\u00fc oldu\u011funu, bu b\u00f6lgenin turizme kazand\u0131r\u0131lmas\u0131 gerekti\u011fini belirterek, &#8220;Buras\u0131 o kadar g\u00fczel bir yer ki Mu\u011fla\u2019n\u0131n g\u00f6r\u00fcnmeyen y\u00fcz\u00fc, yani daha do\u011frusu Dalaman\u2019\u0131n, Ortaca\u2019n\u0131n, Mu\u011fla\u2019n\u0131n g\u00f6r\u00fcnmeyen y\u00fcz\u00fc. B\u00f6yle yerlerin turizme kazand\u0131r\u0131lmas\u0131n\u0131 istiyoruz&#8221; dedi.<\/p>\n<p>&#8220;\u015eelale g\u00f6rmeye de\u011fermi\u015f&#8221;<br \/>\n<br \/>Yak\u0131n arkada\u015flar\u0131n\u0131n tavsiyesi ve mahallenin sosyal medya hesab\u0131ndan Elcik Mahallesindeki \u015felaleyi g\u00f6rd\u00fc\u011f\u00fcn\u00fc belirten Ali Sarak, &#8220;Aslen Urfal\u0131y\u0131m ama buran\u0131n g\u00fczelli\u011fini g\u00f6rmeye de\u011fermi\u015f. Biz de buraya geldik, buray\u0131 g\u00f6rmek i\u00e7in. Biz sosyal medyadan duyduk, bir de \u00e7ok samimi arkada\u015flar\u0131m\u0131z bize tavsiye etmi\u015fti. B\u00f6yle bir yery\u00fcz\u00fc cennet varm\u0131\u015f. Ger\u00e7ekten de haks\u0131z \u00e7\u0131kmam\u0131\u015flar. Bakt\u0131\u011f\u0131n\u0131zda \u015felalenin g\u00fczelli\u011fi, do\u011fan\u0131n birbiriyle i\u00e7 i\u00e7e g\u00fczelli\u011fi, inan bizi de motive etti. Buras\u0131 bence turizmde gelecekte parlak olacak bir yer. \u00c7\u00fcnk\u00fc kokusu, manzaras\u0131, \u015felalenin bir ba\u015fka g\u00fczelli\u011fi zaten. Be\u011fendik, \u00e7ok da g\u00fczel&#8221; dedi.<br \/><\/p>\n","protected":false},"excerpt":{"rendered":"<p>Mu\u011fla\u2019n\u0131n Dalaman il\u00e7esine ba\u011fl\u0131 Elcik Mahallesi\u2019nde bulunan ve T\u00fcrkiye\u2019nin en y\u00fcksek ikinci \u015felalesi olarak adland\u0131r\u0131lan \u2018Su U\u00e7kun \u015eelalesi\u2019, 104 metrelik y\u00fcksekli\u011fiyle do\u011faseverlerin ilgisini \u00e7ekiyor. Dalaman il\u00e7e merkezine 34 kilometre uzakl\u0131kta olan, b\u00f6lge insan\u0131n\u0131n bildi\u011fi, do\u011faseverlerin ilk defa ke\u015ffetti\u011fi \u015felale yo\u011fun ya\u011f\u0131\u015flarda 200 metre y\u00fcksekli\u011fe sahip dik ve sarp da\u011f\u0131n ortas\u0131ndan akarak vadiye kar\u0131\u015f\u0131yor. K\u0131\u015f aylar\u0131nda&#8230;<\/p>\n","protected":false},"author":1,"featured_media":86628,"comment_status":"open","ping_status":"open","sticky":false,"template":"","format":"standard","meta":{"_crdt_document":"","footnotes":""},"categories":[1],"tags":[],"class_list":["post-86627","post","type-post","status-publish","format-standard","has-post-thumbnail","hentry","category-guncel"],"_links":{"self":[{"href":"https:\/\/www.egemtv.com\/index.php?rest_route=\/wp\/v2\/posts\/86627","targetHints":{"allow":["GET"]}}],"collection":[{"href":"https:\/\/www.egemtv.com\/index.php?rest_route=\/wp\/v2\/posts"}],"about":[{"href":"https:\/\/www.egemtv.com\/index.php?rest_route=\/wp\/v2\/types\/post"}],"author":[{"embeddable":true,"href":"https:\/\/www.egemtv.com\/index.php?rest_route=\/wp\/v2\/users\/1"}],"replies":[{"embeddable":true,"href":"https:\/\/www.egemtv.com\/index.php?rest_route=%2Fwp%2Fv2%2Fcomments&post=86627"}],"version-history":[{"count":1,"href":"https:\/\/www.egemtv.com\/index.php?rest_route=\/wp\/v2\/posts\/86627\/revisions"}],"predecessor-version":[{"id":86629,"href":"https:\/\/www.egemtv.com\/index.php?rest_route=\/wp\/v2\/posts\/86627\/revisions\/86629"}],"wp:featuredmedia":[{"embeddable":true,"href":"https:\/\/www.egemtv.com\/index.php?rest_route=\/wp\/v2\/media\/86628"}],"wp:attachment":[{"href":"https:\/\/www.egemtv.com\/index.php?rest_route=%2Fwp%2Fv2%2Fmedia&parent=86627"}],"wp:term":[{"taxonomy":"category","embeddable":true,"href":"https:\/\/www.egemtv.com\/index.php?rest_route=%2Fwp%2Fv2%2Fcategories&post=86627"},{"taxonomy":"post_tag","embeddable":true,"href":"https:\/\/www.egemtv.com\/index.php?rest_route=%2Fwp%2Fv2%2Ftags&post=86627"}],"curies":[{"name":"wp","href":"https:\/\/api.w.org\/{rel}","templated":true}]}}