{"id":86621,"date":"2026-02-10T10:14:49","date_gmt":"2026-02-10T07:14:49","guid":{"rendered":"https:\/\/www.egemtv.com\/?p=86621"},"modified":"2026-02-10T10:14:51","modified_gmt":"2026-02-10T07:14:51","slug":"yamanlarda-yanan-ormanlar-yeniden-yeseriyor","status":"publish","type":"post","link":"https:\/\/www.egemtv.com\/?p=86621","title":{"rendered":"Yamanlar\u2019da yanan ormanlar yeniden ye\u015feriyor"},"content":{"rendered":"<p>\u0130zmir\u2019in Yamanlar b\u00f6lgesinde \u00e7\u0131kan yang\u0131ndan etkilenen alanlarda y\u00fcr\u00fct\u00fclen a\u011fa\u00e7land\u0131rma ve rehabilitasyon \u00e7al\u0131\u015fmalar\u0131 tamamland\u0131. B\u00f6lgenin yeniden ye\u015file d\u00f6nmesi i\u00e7in fidan ve tohumlar toprakla bulu\u015fturuldu.<br \/>\n<br \/>Yamanlar\u2019da 15 A\u011fustos 2024\u2019te meydana gelen orman yang\u0131n\u0131nda bin 586 hektar orman alan\u0131 ve bin 314 hektar orman d\u0131\u015f\u0131 (ziraat, mera, iskan vb.) alan olmak \u00fczere toplam 2 bin 900 hektar alan zarar g\u00f6rd\u00fc. Yang\u0131n\u0131n hemen ard\u0131ndan yanan a\u011fa\u00e7lar\u0131n temizlenmesi ve sahan\u0131n haz\u0131rlanmas\u0131 i\u00e7in \u00e7al\u0131\u015fma ba\u015flat\u0131ld\u0131. \u0130\u015f makineleri ve \u00e7ok say\u0131da personelin kat\u0131l\u0131m\u0131yla ger\u00e7ekle\u015ftirilen \u00e7al\u0131\u015fmalar kapsam\u0131nda; 396 hektar alanda Do\u011fal Gen\u00e7le\u015ftirme Projesi, bin 90 hektar alanda A\u011fa\u00e7land\u0131rma, Erozyon ve Sel Kontrol\u00fc Projesi ile 100 hektar alanda Do\u011fal Vejetasyon Geli\u015ftirme Projesi hayata ge\u00e7irildi. B\u00f6lgenin tekrar eski ye\u015fil \u00f6rt\u00fcs\u00fcne kavu\u015fmas\u0131 amac\u0131yla toprakla bulu\u015fturulan fidanlar\u0131n bak\u0131m ve koruma \u00e7al\u0131\u015fmalar\u0131n\u0131n s\u00fcrd\u00fc\u011f\u00fc belirtildi.<br \/><\/p>\n","protected":false},"excerpt":{"rendered":"<p>\u0130zmir\u2019in Yamanlar b\u00f6lgesinde \u00e7\u0131kan yang\u0131ndan etkilenen alanlarda y\u00fcr\u00fct\u00fclen a\u011fa\u00e7land\u0131rma ve rehabilitasyon \u00e7al\u0131\u015fmalar\u0131 tamamland\u0131. B\u00f6lgenin yeniden ye\u015file d\u00f6nmesi i\u00e7in fidan ve tohumlar toprakla bulu\u015fturuldu. Yamanlar\u2019da 15 A\u011fustos 2024\u2019te meydana gelen orman yang\u0131n\u0131nda bin 586 hektar orman alan\u0131 ve bin 314 hektar orman d\u0131\u015f\u0131 (ziraat, mera, iskan vb.) alan olmak \u00fczere toplam 2 bin 900 hektar alan&#8230;<\/p>\n","protected":false},"author":1,"featured_media":86622,"comment_status":"open","ping_status":"open","sticky":false,"template":"","format":"standard","meta":{"_crdt_document":"","footnotes":""},"categories":[5],"tags":[],"class_list":["post-86621","post","type-post","status-publish","format-standard","has-post-thumbnail","hentry","category-asayis"],"_links":{"self":[{"href":"https:\/\/www.egemtv.com\/index.php?rest_route=\/wp\/v2\/posts\/86621","targetHints":{"allow":["GET"]}}],"collection":[{"href":"https:\/\/www.egemtv.com\/index.php?rest_route=\/wp\/v2\/posts"}],"about":[{"href":"https:\/\/www.egemtv.com\/index.php?rest_route=\/wp\/v2\/types\/post"}],"author":[{"embeddable":true,"href":"https:\/\/www.egemtv.com\/index.php?rest_route=\/wp\/v2\/users\/1"}],"replies":[{"embeddable":true,"href":"https:\/\/www.egemtv.com\/index.php?rest_route=%2Fwp%2Fv2%2Fcomments&post=86621"}],"version-history":[{"count":1,"href":"https:\/\/www.egemtv.com\/index.php?rest_route=\/wp\/v2\/posts\/86621\/revisions"}],"predecessor-version":[{"id":86623,"href":"https:\/\/www.egemtv.com\/index.php?rest_route=\/wp\/v2\/posts\/86621\/revisions\/86623"}],"wp:featuredmedia":[{"embeddable":true,"href":"https:\/\/www.egemtv.com\/index.php?rest_route=\/wp\/v2\/media\/86622"}],"wp:attachment":[{"href":"https:\/\/www.egemtv.com\/index.php?rest_route=%2Fwp%2Fv2%2Fmedia&parent=86621"}],"wp:term":[{"taxonomy":"category","embeddable":true,"href":"https:\/\/www.egemtv.com\/index.php?rest_route=%2Fwp%2Fv2%2Fcategories&post=86621"},{"taxonomy":"post_tag","embeddable":true,"href":"https:\/\/www.egemtv.com\/index.php?rest_route=%2Fwp%2Fv2%2Ftags&post=86621"}],"curies":[{"name":"wp","href":"https:\/\/api.w.org\/{rel}","templated":true}]}}