{"id":86618,"date":"2026-02-10T09:55:33","date_gmt":"2026-02-10T06:55:33","guid":{"rendered":"https:\/\/www.egemtv.com\/?p=86618"},"modified":"2026-02-10T09:55:34","modified_gmt":"2026-02-10T06:55:34","slug":"ula-goleti-suya-kavustu","status":"publish","type":"post","link":"https:\/\/www.egemtv.com\/?p=86618","title":{"rendered":"Ula G\u00f6leti suya kavu\u015ftu"},"content":{"rendered":"<p>Mu\u011fla\u2019da etkili olan k\u0131\u015f ya\u011fmurlar\u0131, kuruma noktas\u0131na gelen Ula G\u00f6leti\u2019ni yeniden eski ihti\u015fam\u0131na kavu\u015fturdu. Su seviyesindeki art\u0131\u015f hem b\u00f6lge \u00e7ift\u00e7isine umut oldu hem de do\u011faseverleri sevindirdi.<\/p>\n<p>Mu\u011fla genelinde son d\u00f6nemde etkili olan yo\u011fun ya\u011f\u0131\u015flar, b\u00f6lgedeki su kaynaklar\u0131 \u00fczerinde canland\u0131r\u0131c\u0131 bir etki olu\u015fturdu. \u00d6zellikle yaz aylar\u0131nda ya\u015fanan a\u015f\u0131r\u0131 kurakl\u0131k nedeniyle su seviyesi kritik noktalara gerileyen ve &#8220;tehlike sinyalleri&#8221; veren Ula G\u00f6leti, k\u0131\u015f ya\u011fmurlar\u0131yla birlikte adeta k\u00fcllerinden do\u011fdu.<\/p>\n<p>B\u00f6lgedeki tar\u0131msal sulaman\u0131n can damar\u0131 olan g\u00f6letteki doluluk oran\u0131, mevsim normallerine d\u00f6nerek yerel halka derin bir nefes ald\u0131rd\u0131. Su seviyesinin y\u00fckselmesiyle birlikte tar\u0131msal sulama i\u00e7in kullan\u0131lan kapaklar a\u00e7\u0131ld\u0131 ve suyun tar\u0131m arazilerine tahliyesine ba\u015fland\u0131. Bu durum, \u00f6n\u00fcm\u00fczdeki \u00fcretim sezonu i\u00e7in endi\u015feli olan b\u00f6lge \u00e7ift\u00e7isinin y\u00fcz\u00fcn\u00fc g\u00fcld\u00fcrd\u00fc.<\/p>\n<p>Sadece tar\u0131msal a\u00e7\u0131dan de\u011fil, \u00e7evresel a\u00e7\u0131dan da b\u00fcy\u00fck \u00f6nem ta\u015f\u0131yan Ula G\u00f6leti\u2019ndeki su art\u0131\u015f\u0131, b\u00f6lge ekosistemini de hareketlendirdi. Do\u011fal g\u00fczelli\u011fiyle bilinen g\u00f6let \u00e7evresi, suyun geri gelmesiyle eski estetik g\u00f6r\u00fcn\u00fcm\u00fcne kavu\u015farak do\u011faseverlerin yeniden u\u011frak noktas\u0131 haline geldi.<br \/><\/p>\n","protected":false},"excerpt":{"rendered":"<p>Mu\u011fla\u2019da etkili olan k\u0131\u015f ya\u011fmurlar\u0131, kuruma noktas\u0131na gelen Ula G\u00f6leti\u2019ni yeniden eski ihti\u015fam\u0131na kavu\u015fturdu. Su seviyesindeki art\u0131\u015f hem b\u00f6lge \u00e7ift\u00e7isine umut oldu hem de do\u011faseverleri sevindirdi. Mu\u011fla genelinde son d\u00f6nemde etkili olan yo\u011fun ya\u011f\u0131\u015flar, b\u00f6lgedeki su kaynaklar\u0131 \u00fczerinde canland\u0131r\u0131c\u0131 bir etki olu\u015fturdu. \u00d6zellikle yaz aylar\u0131nda ya\u015fanan a\u015f\u0131r\u0131 kurakl\u0131k nedeniyle su seviyesi kritik noktalara gerileyen ve&#8230;<\/p>\n","protected":false},"author":1,"featured_media":86619,"comment_status":"open","ping_status":"open","sticky":false,"template":"","format":"standard","meta":{"_crdt_document":"","footnotes":""},"categories":[1],"tags":[],"class_list":["post-86618","post","type-post","status-publish","format-standard","has-post-thumbnail","hentry","category-guncel"],"_links":{"self":[{"href":"https:\/\/www.egemtv.com\/index.php?rest_route=\/wp\/v2\/posts\/86618","targetHints":{"allow":["GET"]}}],"collection":[{"href":"https:\/\/www.egemtv.com\/index.php?rest_route=\/wp\/v2\/posts"}],"about":[{"href":"https:\/\/www.egemtv.com\/index.php?rest_route=\/wp\/v2\/types\/post"}],"author":[{"embeddable":true,"href":"https:\/\/www.egemtv.com\/index.php?rest_route=\/wp\/v2\/users\/1"}],"replies":[{"embeddable":true,"href":"https:\/\/www.egemtv.com\/index.php?rest_route=%2Fwp%2Fv2%2Fcomments&post=86618"}],"version-history":[{"count":1,"href":"https:\/\/www.egemtv.com\/index.php?rest_route=\/wp\/v2\/posts\/86618\/revisions"}],"predecessor-version":[{"id":86620,"href":"https:\/\/www.egemtv.com\/index.php?rest_route=\/wp\/v2\/posts\/86618\/revisions\/86620"}],"wp:featuredmedia":[{"embeddable":true,"href":"https:\/\/www.egemtv.com\/index.php?rest_route=\/wp\/v2\/media\/86619"}],"wp:attachment":[{"href":"https:\/\/www.egemtv.com\/index.php?rest_route=%2Fwp%2Fv2%2Fmedia&parent=86618"}],"wp:term":[{"taxonomy":"category","embeddable":true,"href":"https:\/\/www.egemtv.com\/index.php?rest_route=%2Fwp%2Fv2%2Fcategories&post=86618"},{"taxonomy":"post_tag","embeddable":true,"href":"https:\/\/www.egemtv.com\/index.php?rest_route=%2Fwp%2Fv2%2Ftags&post=86618"}],"curies":[{"name":"wp","href":"https:\/\/api.w.org\/{rel}","templated":true}]}}