{"id":86612,"date":"2026-02-10T09:55:31","date_gmt":"2026-02-10T06:55:31","guid":{"rendered":"https:\/\/www.egemtv.com\/?p=86612"},"modified":"2026-02-10T09:55:32","modified_gmt":"2026-02-10T06:55:32","slug":"elektrik-diregine-carpan-motosikletli-genc-hayatini-kaybetti","status":"publish","type":"post","link":"https:\/\/www.egemtv.com\/?p=86612","title":{"rendered":"Elektrik dire\u011fine \u00e7arpan motosikletli gen\u00e7 hayat\u0131n\u0131 kaybetti"},"content":{"rendered":"<p>\u0130zmir\u2019in Kar\u015f\u0131yaka il\u00e7esinde, s\u00fcr\u00fcc\u00fcs\u00fcn\u00fcn direksiyon hakimiyetini kaybetti\u011fi motosikletin elektrik dire\u011fine \u00e7arpmas\u0131 sonucu meydana gelen kazada gen\u00e7 s\u00fcr\u00fcc\u00fc hayat\u0131n\u0131 kaybetti.<br \/>\n<br \/>Kaza, saat 13.30 s\u0131ralar\u0131nda Yal\u0131 Mahallesi\u2019nde meydana geldi. Edinilen bilgiye g\u00f6re, Serhat \u00c7a\u011f\u0131l (23) idaresindeki 35 CMR 810 plakal\u0131 motosiklet, s\u00fcr\u00fcc\u00fcs\u00fcn\u00fcn direksiyon hakimiyetini kaybetmesi sonucu yoldan \u00e7\u0131karak elektrik dire\u011fine \u00e7arpt\u0131. \u00c7arpman\u0131n etkisiyle motosiklet devrilirken, s\u00fcr\u00fcc\u00fc yola savruldu. Kazay\u0131 g\u00f6renlerin ihbar\u0131 \u00fczerine olay yerine polis ve sa\u011fl\u0131k ekipleri sevk edildi. Sa\u011fl\u0131k ekipleri taraf\u0131ndan yap\u0131lan kontrolde, \u00c7a\u011f\u0131l\u2019\u0131n olay yerinde hayat\u0131n\u0131 kaybetti\u011fi belirlendi. Talihsiz gencin cans\u0131z bedeni, olay yerinde yap\u0131lan incelemenin ard\u0131ndan \u0130zmir Adli T\u0131p Kurumu morguna kald\u0131r\u0131ld\u0131.<br \/>\n<br \/>Kazayla ilgili ba\u015flat\u0131lan soru\u015fturma s\u00fcr\u00fcyor.<br \/><\/p>\n","protected":false},"excerpt":{"rendered":"<p>\u0130zmir\u2019in Kar\u015f\u0131yaka il\u00e7esinde, s\u00fcr\u00fcc\u00fcs\u00fcn\u00fcn direksiyon hakimiyetini kaybetti\u011fi motosikletin elektrik dire\u011fine \u00e7arpmas\u0131 sonucu meydana gelen kazada gen\u00e7 s\u00fcr\u00fcc\u00fc hayat\u0131n\u0131 kaybetti. Kaza, saat 13.30 s\u0131ralar\u0131nda Yal\u0131 Mahallesi\u2019nde meydana geldi. Edinilen bilgiye g\u00f6re, Serhat \u00c7a\u011f\u0131l (23) idaresindeki 35 CMR 810 plakal\u0131 motosiklet, s\u00fcr\u00fcc\u00fcs\u00fcn\u00fcn direksiyon hakimiyetini kaybetmesi sonucu yoldan \u00e7\u0131karak elektrik dire\u011fine \u00e7arpt\u0131. \u00c7arpman\u0131n etkisiyle motosiklet devrilirken, s\u00fcr\u00fcc\u00fc yola&#8230;<\/p>\n","protected":false},"author":1,"featured_media":86613,"comment_status":"open","ping_status":"open","sticky":false,"template":"","format":"standard","meta":{"_crdt_document":"","footnotes":""},"categories":[5],"tags":[],"class_list":["post-86612","post","type-post","status-publish","format-standard","has-post-thumbnail","hentry","category-asayis"],"_links":{"self":[{"href":"https:\/\/www.egemtv.com\/index.php?rest_route=\/wp\/v2\/posts\/86612","targetHints":{"allow":["GET"]}}],"collection":[{"href":"https:\/\/www.egemtv.com\/index.php?rest_route=\/wp\/v2\/posts"}],"about":[{"href":"https:\/\/www.egemtv.com\/index.php?rest_route=\/wp\/v2\/types\/post"}],"author":[{"embeddable":true,"href":"https:\/\/www.egemtv.com\/index.php?rest_route=\/wp\/v2\/users\/1"}],"replies":[{"embeddable":true,"href":"https:\/\/www.egemtv.com\/index.php?rest_route=%2Fwp%2Fv2%2Fcomments&post=86612"}],"version-history":[{"count":1,"href":"https:\/\/www.egemtv.com\/index.php?rest_route=\/wp\/v2\/posts\/86612\/revisions"}],"predecessor-version":[{"id":86614,"href":"https:\/\/www.egemtv.com\/index.php?rest_route=\/wp\/v2\/posts\/86612\/revisions\/86614"}],"wp:featuredmedia":[{"embeddable":true,"href":"https:\/\/www.egemtv.com\/index.php?rest_route=\/wp\/v2\/media\/86613"}],"wp:attachment":[{"href":"https:\/\/www.egemtv.com\/index.php?rest_route=%2Fwp%2Fv2%2Fmedia&parent=86612"}],"wp:term":[{"taxonomy":"category","embeddable":true,"href":"https:\/\/www.egemtv.com\/index.php?rest_route=%2Fwp%2Fv2%2Fcategories&post=86612"},{"taxonomy":"post_tag","embeddable":true,"href":"https:\/\/www.egemtv.com\/index.php?rest_route=%2Fwp%2Fv2%2Ftags&post=86612"}],"curies":[{"name":"wp","href":"https:\/\/api.w.org\/{rel}","templated":true}]}}