{"id":86609,"date":"2026-02-10T09:55:30","date_gmt":"2026-02-10T06:55:30","guid":{"rendered":"https:\/\/www.egemtv.com\/?p=86609"},"modified":"2026-02-10T09:55:31","modified_gmt":"2026-02-10T06:55:31","slug":"egirdir-golu-kiyisinda-bulunan-kemiklerin-hayvana-ait-oldugu-degerlendiriliyor","status":"publish","type":"post","link":"https:\/\/www.egemtv.com\/?p=86609","title":{"rendered":"E\u011firdir G\u00f6l\u00fc k\u0131y\u0131s\u0131nda bulunan kemiklerin hayvana ait oldu\u011fu de\u011ferlendiriliyor"},"content":{"rendered":"<p>Isparta\u2019n\u0131n E\u011firdir il\u00e7esinde g\u00f6l suyunun \u00e7ekilmesiyle ortaya \u00e7\u0131kan ve insana ait oldu\u011fu \u00f6ne s\u00fcr\u00fclen kemik par\u00e7alar\u0131yla ilgili M\u00fcze M\u00fcd\u00fcrl\u00fc\u011f\u00fc ekipleri inceleme yapt\u0131. \u0130lk de\u011ferlendirmede kemiklerin insana de\u011fil, hayvana ait oldu\u011fu de\u011ferlendirildi.<br \/>\n<br \/>T\u00fcrkiye\u2019nin d\u00f6rd\u00fcnc\u00fc b\u00fcy\u00fck g\u00f6l\u00fc olan ve i\u00e7me suyu rezervleri a\u00e7\u0131s\u0131ndan b\u00fcy\u00fck \u00f6nem ta\u015f\u0131yan E\u011firdir G\u00f6l\u00fc\u2019nde, son y\u0131llarda etkisini art\u0131ran kurakl\u0131k nedeniyle su seviyesi \u00f6nemli \u00f6l\u00e7\u00fcde d\u00fc\u015ft\u00fc. Suyun \u00e7ekilmesiyle daha \u00f6nce g\u00f6l alt\u0131nda kalan baz\u0131 alanlar g\u00fcn y\u00fcz\u00fcne \u00e7\u0131karken k\u0131y\u0131 kesiminde insana ait oldu\u011fu \u00f6ne s\u00fcr\u00fclen kemik par\u00e7alar\u0131 ile k\u0131r\u0131k k\u00fcp ve farkl\u0131 yap\u0131da ta\u015flar\u0131n bulundu\u011fu y\u00f6n\u00fcnde iddialar \u00fczerine Isparta M\u00fcze M\u00fcd\u00fcrl\u00fc\u011f\u00fc ekipleri inceleme ba\u015flatt\u0131. Seydim Mahallesi\u2019nde g\u00f6l kenar\u0131na gelen uzman ekip\u00e7e yap\u0131lan incelemede s\u00f6z konusu kemiklerin ilk belirlemelere g\u00f6re hayvana ait oldu\u011fu de\u011ferlendirildi. M\u00fcze yetkilileri, kesin ve resmi sonucun ger\u00e7ekle\u015ftirilecek detayl\u0131 analizlerin ard\u0131ndan \u00f6n\u00fcm\u00fczdeki g\u00fcnlerde kamuoyuyla payla\u015f\u0131laca\u011f\u0131n\u0131 ifade etti.<\/p>\n<p>46 y\u0131ll\u0131k bal\u0131k\u00e7\u0131 hayat\u0131nda ilk kez g\u00f6rd\u00fc<br \/>\n<br \/>Buluntular\u0131 fark eden ve E\u011firdir\u2019de yakla\u015f\u0131k 46 y\u0131ld\u0131r bal\u0131k\u00e7\u0131l\u0131kla u\u011fra\u015fan 66 ya\u015f\u0131ndaki \u00c7etin \u00dcnsal, ge\u00e7ti\u011fimiz hafta gezi amac\u0131yla Seydim Mahallesi Ku\u015f Kayas\u0131 mevkiine gitti\u011fini belirterek burada kemik par\u00e7alar\u0131 ile k\u0131r\u0131k k\u00fcpler g\u00f6rd\u00fc\u011f\u00fcn\u00fc s\u00f6yledi. Hayat\u0131 boyunca g\u00f6l k\u0131y\u0131s\u0131nda ya\u015fad\u0131\u011f\u0131n\u0131 ifade eden \u00dcnsal, b\u00f6yle bir durumla ilk kez kar\u015f\u0131la\u015ft\u0131\u011f\u0131n\u0131 dile getirdi. G\u00f6l\u00fcn ge\u00e7mi\u015fte \u00e7ok daha derin oldu\u011funu vurgulayan \u00dcnsal, &#8220;Benim ya\u015f\u0131m 66. \u0130lk defa g\u00f6l\u00fcn bu kadar \u00e7ekildi\u011fini g\u00f6r\u00fcyorum. Eskiden buralar g\u00f6l\u00fcn en derin yerleriydi. Bu alanlarda a\u011f at\u0131p bal\u0131k tutard\u0131m&#8221; dedi. B\u00f6lgede al\u0131\u015f\u0131lm\u0131\u015f\u0131n d\u0131\u015f\u0131nda ta\u015flarla da kar\u015f\u0131la\u015ft\u0131\u011f\u0131n\u0131 anlatan \u00dcnsal, &#8220;Kahverengi, normalden daha a\u011f\u0131r ve farkl\u0131 yap\u0131da kayalar var. Bunlar\u0131n da yetkili birimler taraf\u0131ndan incelenmesini istiyorum&#8221; diye konu\u015ftu.<\/p>\n<p>&#8220;O g\u00fcnden bug\u00fcne g\u00f6l hi\u00e7 bu kadar \u00e7ekilmedi&#8221;<br \/>\n<br \/>1974 y\u0131l\u0131nda da g\u00f6lde \u00e7ekilme ya\u015fand\u0131\u011f\u0131n\u0131 hat\u0131rlatan \u00dcnsal, o d\u00f6nemde bu seviyenin g\u00f6r\u00fclmedi\u011fini belirterek, &#8220;1974 y\u0131l\u0131nda g\u00f6l \u00e7ekilmi\u015fti. O zaman 14-15 ya\u015flar\u0131ndaki arkada\u015flar\u0131m\u0131z k\u0131y\u0131larda bak\u0131r kaplar, kazanlar, le\u011fenler, ibrikler bulup hurdac\u0131lara sat\u0131yordu. Ama o g\u00fcnden bug\u00fcne kadar g\u00f6l hi\u00e7 bu kadar \u00e7ekilmemi\u015fti&#8221; ifadelerini kulland\u0131. \u00dcnsal, suyun k\u0131y\u0131dan yakla\u015f\u0131k 250 ila 300 metre kadar geri \u00e7ekildi\u011fini belirterek, hem kemiklerin hem de di\u011fer materyallerin uzman ekiplerce incelenmesi gerekti\u011fini vurgulad\u0131.<br \/><\/p>\n","protected":false},"excerpt":{"rendered":"<p>Isparta\u2019n\u0131n E\u011firdir il\u00e7esinde g\u00f6l suyunun \u00e7ekilmesiyle ortaya \u00e7\u0131kan ve insana ait oldu\u011fu \u00f6ne s\u00fcr\u00fclen kemik par\u00e7alar\u0131yla ilgili M\u00fcze M\u00fcd\u00fcrl\u00fc\u011f\u00fc ekipleri inceleme yapt\u0131. \u0130lk de\u011ferlendirmede kemiklerin insana de\u011fil, hayvana ait oldu\u011fu de\u011ferlendirildi. T\u00fcrkiye\u2019nin d\u00f6rd\u00fcnc\u00fc b\u00fcy\u00fck g\u00f6l\u00fc olan ve i\u00e7me suyu rezervleri a\u00e7\u0131s\u0131ndan b\u00fcy\u00fck \u00f6nem ta\u015f\u0131yan E\u011firdir G\u00f6l\u00fc\u2019nde, son y\u0131llarda etkisini art\u0131ran kurakl\u0131k nedeniyle su seviyesi \u00f6nemli&#8230;<\/p>\n","protected":false},"author":1,"featured_media":86610,"comment_status":"open","ping_status":"open","sticky":false,"template":"","format":"standard","meta":{"_crdt_document":"","footnotes":""},"categories":[5],"tags":[],"class_list":["post-86609","post","type-post","status-publish","format-standard","has-post-thumbnail","hentry","category-asayis"],"_links":{"self":[{"href":"https:\/\/www.egemtv.com\/index.php?rest_route=\/wp\/v2\/posts\/86609","targetHints":{"allow":["GET"]}}],"collection":[{"href":"https:\/\/www.egemtv.com\/index.php?rest_route=\/wp\/v2\/posts"}],"about":[{"href":"https:\/\/www.egemtv.com\/index.php?rest_route=\/wp\/v2\/types\/post"}],"author":[{"embeddable":true,"href":"https:\/\/www.egemtv.com\/index.php?rest_route=\/wp\/v2\/users\/1"}],"replies":[{"embeddable":true,"href":"https:\/\/www.egemtv.com\/index.php?rest_route=%2Fwp%2Fv2%2Fcomments&post=86609"}],"version-history":[{"count":1,"href":"https:\/\/www.egemtv.com\/index.php?rest_route=\/wp\/v2\/posts\/86609\/revisions"}],"predecessor-version":[{"id":86611,"href":"https:\/\/www.egemtv.com\/index.php?rest_route=\/wp\/v2\/posts\/86609\/revisions\/86611"}],"wp:featuredmedia":[{"embeddable":true,"href":"https:\/\/www.egemtv.com\/index.php?rest_route=\/wp\/v2\/media\/86610"}],"wp:attachment":[{"href":"https:\/\/www.egemtv.com\/index.php?rest_route=%2Fwp%2Fv2%2Fmedia&parent=86609"}],"wp:term":[{"taxonomy":"category","embeddable":true,"href":"https:\/\/www.egemtv.com\/index.php?rest_route=%2Fwp%2Fv2%2Fcategories&post=86609"},{"taxonomy":"post_tag","embeddable":true,"href":"https:\/\/www.egemtv.com\/index.php?rest_route=%2Fwp%2Fv2%2Ftags&post=86609"}],"curies":[{"name":"wp","href":"https:\/\/api.w.org\/{rel}","templated":true}]}}