{"id":86606,"date":"2026-02-10T09:34:52","date_gmt":"2026-02-10T06:34:52","guid":{"rendered":"https:\/\/www.egemtv.com\/?p=86606"},"modified":"2026-02-10T09:34:53","modified_gmt":"2026-02-10T06:34:53","slug":"domuza-carpan-otomobil-ucuruma-yuvarlandi","status":"publish","type":"post","link":"https:\/\/www.egemtv.com\/?p=86606","title":{"rendered":"Domuza \u00e7arpan otomobil u\u00e7uruma yuvarland\u0131"},"content":{"rendered":"<p>Ayd\u0131n\u2019\u0131n Nazilli il\u00e7esinde domuza \u00e7arpan otomobil yoldan \u00e7\u0131karak u\u00e7uruma yuvarland\u0131, kazada bir ki\u015fi yaraland\u0131.<br \/>\n<br \/>Kaza K\u0131z\u0131ldere Mahallesi\u2019nde gece saatlerinde meydana geldi. Edinilen bilgiye g\u00f6re, B.G. idaresindeki 09 PM 187 otomobil bir anda yola f\u0131rlayan domuza \u00e7arpt\u0131. \u00c7arpman\u0131n etkisi ile otomobil u\u00e7uruma yuvarland\u0131. Kazay\u0131 g\u00f6ren di\u011fer s\u00fcr\u00fcc\u00fclerin ihbar\u0131 ile b\u00f6lgeye sa\u011fl\u0131k, Ayd\u0131n B\u00fcy\u00fck\u015fehir Belediyesi \u0130tfaiye ve jandarma ekipleri sevk edildi. Ara\u00e7ta s\u0131k\u0131\u015fan s\u00fcr\u00fcc\u00fc vatanda\u015flar\u0131n yard\u0131m\u0131yla \u00e7\u0131kar\u0131larak sa\u011fl\u0131k ekiplerine teslim edildi. \u0130tfaiye ekipleri ara\u00e7ta ya\u015fanmas\u0131 muhtemel yang\u0131n i\u00e7in \u00f6nlem ald\u0131. Yaral\u0131 s\u00fcr\u00fcc\u00fc ambulansla hastaneye kald\u0131r\u0131ld\u0131.<br \/>\n<br \/>Kazayla ilgili soru\u015fturma s\u00fcr\u00fcyor.<br \/><\/p>\n","protected":false},"excerpt":{"rendered":"<p>Ayd\u0131n\u2019\u0131n Nazilli il\u00e7esinde domuza \u00e7arpan otomobil yoldan \u00e7\u0131karak u\u00e7uruma yuvarland\u0131, kazada bir ki\u015fi yaraland\u0131. Kaza K\u0131z\u0131ldere Mahallesi\u2019nde gece saatlerinde meydana geldi. Edinilen bilgiye g\u00f6re, B.G. idaresindeki 09 PM 187 otomobil bir anda yola f\u0131rlayan domuza \u00e7arpt\u0131. \u00c7arpman\u0131n etkisi ile otomobil u\u00e7uruma yuvarland\u0131. Kazay\u0131 g\u00f6ren di\u011fer s\u00fcr\u00fcc\u00fclerin ihbar\u0131 ile b\u00f6lgeye sa\u011fl\u0131k, Ayd\u0131n B\u00fcy\u00fck\u015fehir Belediyesi \u0130tfaiye ve&#8230;<\/p>\n","protected":false},"author":1,"featured_media":86607,"comment_status":"open","ping_status":"open","sticky":false,"template":"","format":"standard","meta":{"_crdt_document":"","footnotes":""},"categories":[5],"tags":[],"class_list":["post-86606","post","type-post","status-publish","format-standard","has-post-thumbnail","hentry","category-asayis"],"_links":{"self":[{"href":"https:\/\/www.egemtv.com\/index.php?rest_route=\/wp\/v2\/posts\/86606","targetHints":{"allow":["GET"]}}],"collection":[{"href":"https:\/\/www.egemtv.com\/index.php?rest_route=\/wp\/v2\/posts"}],"about":[{"href":"https:\/\/www.egemtv.com\/index.php?rest_route=\/wp\/v2\/types\/post"}],"author":[{"embeddable":true,"href":"https:\/\/www.egemtv.com\/index.php?rest_route=\/wp\/v2\/users\/1"}],"replies":[{"embeddable":true,"href":"https:\/\/www.egemtv.com\/index.php?rest_route=%2Fwp%2Fv2%2Fcomments&post=86606"}],"version-history":[{"count":1,"href":"https:\/\/www.egemtv.com\/index.php?rest_route=\/wp\/v2\/posts\/86606\/revisions"}],"predecessor-version":[{"id":86608,"href":"https:\/\/www.egemtv.com\/index.php?rest_route=\/wp\/v2\/posts\/86606\/revisions\/86608"}],"wp:featuredmedia":[{"embeddable":true,"href":"https:\/\/www.egemtv.com\/index.php?rest_route=\/wp\/v2\/media\/86607"}],"wp:attachment":[{"href":"https:\/\/www.egemtv.com\/index.php?rest_route=%2Fwp%2Fv2%2Fmedia&parent=86606"}],"wp:term":[{"taxonomy":"category","embeddable":true,"href":"https:\/\/www.egemtv.com\/index.php?rest_route=%2Fwp%2Fv2%2Fcategories&post=86606"},{"taxonomy":"post_tag","embeddable":true,"href":"https:\/\/www.egemtv.com\/index.php?rest_route=%2Fwp%2Fv2%2Ftags&post=86606"}],"curies":[{"name":"wp","href":"https:\/\/api.w.org\/{rel}","templated":true}]}}