{"id":86603,"date":"2026-02-10T09:34:51","date_gmt":"2026-02-10T06:34:51","guid":{"rendered":"https:\/\/www.egemtv.com\/?p=86603"},"modified":"2026-02-10T09:34:52","modified_gmt":"2026-02-10T06:34:52","slug":"baskan-gunel-sosyal-belediyecilikten-asla-taviz-vermeyecegiz","status":"publish","type":"post","link":"https:\/\/www.egemtv.com\/?p=86603","title":{"rendered":"Ba\u015fkan G\u00fcnel: &#8220;Sosyal belediyecilikten asla taviz vermeyece\u011fiz&#8221;"},"content":{"rendered":"<p>Ba\u015fkan \u00d6mer G\u00fcnel, Ku\u015fadas\u0131 Belediyesi Kad\u0131nca Olu\u015fumu taraf\u0131ndan emekliler i\u00e7in \u2018\u0130kinci Bahar Merkezi\u2019nde\u2019 d\u00fczenlenen etkinli\u011fe kat\u0131ld\u0131. Belediye meclis \u00fcyelerinin de yer ald\u0131\u011f\u0131 etkinlikte hem\u015fehrileri taraf\u0131ndan s\u0131cak bir \u015fekilde kar\u015f\u0131lanan Ba\u015fkan \u00d6mer G\u00fcnel, &#8220;Sosyal belediyecilikten asla taviz vermeyip, sizler ve gen\u00e7lerimiz i\u00e7in bu t\u00fcr tesislerin say\u0131s\u0131n\u0131 art\u0131raca\u011f\u0131z&#8221; dedi.<\/p>\n<p>Ku\u015fadas\u0131 Belediyesi Kad\u0131nca Olu\u015fumu, Davutlar Mahallesi\u2019nde bulunan \u0130kinci Bahar Merkezi\u2019nde emekliler i\u00e7in etkinlik d\u00fczenledi. Etkinli\u011fe Ku\u015fadas\u0131 Belediye Ba\u015fkan Yard\u0131mc\u0131s\u0131 Ay\u015feg\u00fcl Da\u011fl\u0131, Kad\u0131nca Olu\u015fumu Onursal Ba\u015fkan\u0131 Duygu G\u00fcnel, belediye meclis \u00fcyeleri ve Davutlar Mahallesi muhtar\u0131 Erol Ya\u011fc\u0131o\u011flu da kat\u0131ld\u0131. Emeklilerin fas\u0131l e\u015fli\u011finde g\u00f6n\u00fcll\u00fclerince e\u011flendi\u011fi etkinli\u011fi, Ku\u015fadas\u0131 Belediye Ba\u015fkan\u0131 \u00d6mer G\u00fcnel de ziyaret etti. Hem\u015fehrileri Ba\u015fkan \u00d6mer G\u00fcnel\u2019i \u00e7ok s\u0131cak ve samimi bir \u015fekilde kar\u015f\u0131lay\u0131p, ba\u011f\u0131rlar\u0131na bast\u0131. Ba\u015fkan \u00d6mer G\u00fcnel de hem\u015fehrileriyle yak\u0131ndan ilgilenip, hem \u0130kinci Bahar Merkezi hem de kentle ilgili taleplerini dinledi.<\/p>\n<p>Etkinlikte bir konu\u015fma yaparak hem\u015fehrilerine seslenen Ba\u015fkan \u00d6mer G\u00fcnel, &#8220;\u00d6ncelikle sizlerle bir araya geldi\u011fim i\u00e7in \u00e7ok mutluyum. Sosyal belediyecilikten asla taviz vermeyip, Ku\u015fadas\u0131\u2019nda bu t\u00fcr tesislerin say\u0131s\u0131n\u0131 art\u0131rmay\u0131 hedefliyoruz. \u00c7\u00fcnk\u00fc bu ekonomik \u015fartlarda sizlerin sosyalle\u015fmek i\u00e7in yeterince imkan bulamad\u0131\u011f\u0131n\u0131z\u0131 biliyorum. Yak\u0131n zamanda kent merkezinde Ku\u015fadas\u0131 Ya\u015fam, K\u00fclt\u00fcr ve Spor Merkezi de a\u00e7\u0131lacak. Orada da \u00e7ok g\u00fczel sosyal ve k\u00fclt\u00fcrel tesislerimiz olacak. Buradan Davutlar\u2019a da yak\u0131n zamanda do\u011fal gaz da\u011f\u0131t\u0131m firmas\u0131 yat\u0131r\u0131m \u00e7al\u0131\u015fmalar\u0131na ba\u015flayaca\u011f\u0131n\u0131 m\u00fcjdelemek istiyorum. Net tarih belli olunca duyuraca\u011f\u0131m&#8221; diye konu\u015ftu.<br \/><\/p>\n","protected":false},"excerpt":{"rendered":"<p>Ba\u015fkan \u00d6mer G\u00fcnel, Ku\u015fadas\u0131 Belediyesi Kad\u0131nca Olu\u015fumu taraf\u0131ndan emekliler i\u00e7in \u2018\u0130kinci Bahar Merkezi\u2019nde\u2019 d\u00fczenlenen etkinli\u011fe kat\u0131ld\u0131. Belediye meclis \u00fcyelerinin de yer ald\u0131\u011f\u0131 etkinlikte hem\u015fehrileri taraf\u0131ndan s\u0131cak bir \u015fekilde kar\u015f\u0131lanan Ba\u015fkan \u00d6mer G\u00fcnel, &#8220;Sosyal belediyecilikten asla taviz vermeyip, sizler ve gen\u00e7lerimiz i\u00e7in bu t\u00fcr tesislerin say\u0131s\u0131n\u0131 art\u0131raca\u011f\u0131z&#8221; dedi. Ku\u015fadas\u0131 Belediyesi Kad\u0131nca Olu\u015fumu, Davutlar Mahallesi\u2019nde bulunan \u0130kinci&#8230;<\/p>\n","protected":false},"author":1,"featured_media":86604,"comment_status":"open","ping_status":"open","sticky":false,"template":"","format":"standard","meta":{"_crdt_document":"","footnotes":""},"categories":[1],"tags":[],"class_list":["post-86603","post","type-post","status-publish","format-standard","has-post-thumbnail","hentry","category-guncel"],"_links":{"self":[{"href":"https:\/\/www.egemtv.com\/index.php?rest_route=\/wp\/v2\/posts\/86603","targetHints":{"allow":["GET"]}}],"collection":[{"href":"https:\/\/www.egemtv.com\/index.php?rest_route=\/wp\/v2\/posts"}],"about":[{"href":"https:\/\/www.egemtv.com\/index.php?rest_route=\/wp\/v2\/types\/post"}],"author":[{"embeddable":true,"href":"https:\/\/www.egemtv.com\/index.php?rest_route=\/wp\/v2\/users\/1"}],"replies":[{"embeddable":true,"href":"https:\/\/www.egemtv.com\/index.php?rest_route=%2Fwp%2Fv2%2Fcomments&post=86603"}],"version-history":[{"count":1,"href":"https:\/\/www.egemtv.com\/index.php?rest_route=\/wp\/v2\/posts\/86603\/revisions"}],"predecessor-version":[{"id":86605,"href":"https:\/\/www.egemtv.com\/index.php?rest_route=\/wp\/v2\/posts\/86603\/revisions\/86605"}],"wp:featuredmedia":[{"embeddable":true,"href":"https:\/\/www.egemtv.com\/index.php?rest_route=\/wp\/v2\/media\/86604"}],"wp:attachment":[{"href":"https:\/\/www.egemtv.com\/index.php?rest_route=%2Fwp%2Fv2%2Fmedia&parent=86603"}],"wp:term":[{"taxonomy":"category","embeddable":true,"href":"https:\/\/www.egemtv.com\/index.php?rest_route=%2Fwp%2Fv2%2Fcategories&post=86603"},{"taxonomy":"post_tag","embeddable":true,"href":"https:\/\/www.egemtv.com\/index.php?rest_route=%2Fwp%2Fv2%2Ftags&post=86603"}],"curies":[{"name":"wp","href":"https:\/\/api.w.org\/{rel}","templated":true}]}}