{"id":86600,"date":"2026-02-10T09:34:50","date_gmt":"2026-02-10T06:34:50","guid":{"rendered":"https:\/\/www.egemtv.com\/?p=86600"},"modified":"2026-02-10T09:34:51","modified_gmt":"2026-02-10T06:34:51","slug":"kusadasi-belediyesi-camileri-ramazan-ayina-hazirliyor","status":"publish","type":"post","link":"https:\/\/www.egemtv.com\/?p=86600","title":{"rendered":"Ku\u015fadas\u0131 Belediyesi camileri Ramazan ay\u0131na haz\u0131rl\u0131yor"},"content":{"rendered":"<p>Yakla\u015fan m\u00fcbarek Ramazan ay\u0131 \u00f6ncesinde Ku\u015fadas\u0131 Belediyesi, kent genelindeki camileri ibadete haz\u0131rlamak i\u00e7in kapsaml\u0131 bir bak\u0131m ve temizlik seferberli\u011fi ba\u015flatt\u0131. Manevi iklimin en yo\u011fun ya\u015fand\u0131\u011f\u0131 Ramazan ay\u0131nda vatanda\u015flar\u0131n huzur ve ferahl\u0131k i\u00e7inde ibadet edebilmesi amac\u0131yla y\u00fcr\u00fct\u00fclen \u00e7al\u0131\u015fmalar, belediyenin ilgili t\u00fcm birimlerinin ortak mesaisiyle s\u00fcrd\u00fcr\u00fcl\u00fcyor.<\/p>\n<p>Ku\u015fadas\u0131 Belediyesi Park ve Bah\u00e7eler M\u00fcd\u00fcrl\u00fc\u011f\u00fc, Temizlik \u0130\u015fleri M\u00fcd\u00fcrl\u00fc\u011f\u00fc ve Sosyal Yard\u0131m \u0130\u015fleri M\u00fcd\u00fcrl\u00fc\u011f\u00fc ekiplerinin koordinasyon i\u00e7inde y\u00fcr\u00fctt\u00fc\u011f\u00fc \u00e7al\u0131\u015fmalar kapsam\u0131nda, camilerin hem i\u00e7 hem de d\u0131\u015f alanlar\u0131 titizlikle elden ge\u00e7iriliyor. \u0130lk etapta Kad\u0131nlar Denizi ve Cumhuriyet Mahallelerinde ba\u015flayan uygulamalarda, camii i\u00e7lerinde detayl\u0131 temizlik yap\u0131l\u0131rken, avlu ve bah\u00e7elerde ise \u00e7im bi\u00e7me, a\u011fa\u00e7 budama ve \u00e7evre d\u00fczenleme \u00e7al\u0131\u015fmalar\u0131 ger\u00e7ekle\u015ftiriliyor. Ekipler, ibadet alanlar\u0131n\u0131n yan\u0131 s\u0131ra ortak kullan\u0131m alanlar\u0131n\u0131 da hijyenik ve d\u00fczenli hale getirerek ramazan ay\u0131na yak\u0131\u015f\u0131r bir g\u00f6r\u00fcn\u00fcm kazand\u0131r\u0131yor. Kent genelindeki t\u00fcm camileri kapsayacak \u015fekilde planlanan bu \u00e7al\u0131\u015fmalar\u0131n Ramazan ay\u0131 ba\u015flamadan tamamlanmas\u0131 hedefleniyor.<\/p>\n<p>Sabah\u0131n erken saatlerinden itibaren sahada g\u00f6rev yapan Ku\u015fadas\u0131 Belediyesi ekipleri, vatanda\u015flar\u0131n temiz, bak\u0131ml\u0131 ve huzurlu ortamlarda ibadetlerini yerine getirebilmesi i\u00e7in \u00e7al\u0131\u015fmalar\u0131n\u0131 \u00f6zveri ile s\u00fcrd\u00fcr\u00fcyor.<br \/><\/p>\n","protected":false},"excerpt":{"rendered":"<p>Yakla\u015fan m\u00fcbarek Ramazan ay\u0131 \u00f6ncesinde Ku\u015fadas\u0131 Belediyesi, kent genelindeki camileri ibadete haz\u0131rlamak i\u00e7in kapsaml\u0131 bir bak\u0131m ve temizlik seferberli\u011fi ba\u015flatt\u0131. Manevi iklimin en yo\u011fun ya\u015fand\u0131\u011f\u0131 Ramazan ay\u0131nda vatanda\u015flar\u0131n huzur ve ferahl\u0131k i\u00e7inde ibadet edebilmesi amac\u0131yla y\u00fcr\u00fct\u00fclen \u00e7al\u0131\u015fmalar, belediyenin ilgili t\u00fcm birimlerinin ortak mesaisiyle s\u00fcrd\u00fcr\u00fcl\u00fcyor. Ku\u015fadas\u0131 Belediyesi Park ve Bah\u00e7eler M\u00fcd\u00fcrl\u00fc\u011f\u00fc, Temizlik \u0130\u015fleri M\u00fcd\u00fcrl\u00fc\u011f\u00fc ve Sosyal&#8230;<\/p>\n","protected":false},"author":1,"featured_media":86601,"comment_status":"open","ping_status":"open","sticky":false,"template":"","format":"standard","meta":{"_crdt_document":"","footnotes":""},"categories":[1],"tags":[],"class_list":["post-86600","post","type-post","status-publish","format-standard","has-post-thumbnail","hentry","category-guncel"],"_links":{"self":[{"href":"https:\/\/www.egemtv.com\/index.php?rest_route=\/wp\/v2\/posts\/86600","targetHints":{"allow":["GET"]}}],"collection":[{"href":"https:\/\/www.egemtv.com\/index.php?rest_route=\/wp\/v2\/posts"}],"about":[{"href":"https:\/\/www.egemtv.com\/index.php?rest_route=\/wp\/v2\/types\/post"}],"author":[{"embeddable":true,"href":"https:\/\/www.egemtv.com\/index.php?rest_route=\/wp\/v2\/users\/1"}],"replies":[{"embeddable":true,"href":"https:\/\/www.egemtv.com\/index.php?rest_route=%2Fwp%2Fv2%2Fcomments&post=86600"}],"version-history":[{"count":1,"href":"https:\/\/www.egemtv.com\/index.php?rest_route=\/wp\/v2\/posts\/86600\/revisions"}],"predecessor-version":[{"id":86602,"href":"https:\/\/www.egemtv.com\/index.php?rest_route=\/wp\/v2\/posts\/86600\/revisions\/86602"}],"wp:featuredmedia":[{"embeddable":true,"href":"https:\/\/www.egemtv.com\/index.php?rest_route=\/wp\/v2\/media\/86601"}],"wp:attachment":[{"href":"https:\/\/www.egemtv.com\/index.php?rest_route=%2Fwp%2Fv2%2Fmedia&parent=86600"}],"wp:term":[{"taxonomy":"category","embeddable":true,"href":"https:\/\/www.egemtv.com\/index.php?rest_route=%2Fwp%2Fv2%2Fcategories&post=86600"},{"taxonomy":"post_tag","embeddable":true,"href":"https:\/\/www.egemtv.com\/index.php?rest_route=%2Fwp%2Fv2%2Ftags&post=86600"}],"curies":[{"name":"wp","href":"https:\/\/api.w.org\/{rel}","templated":true}]}}