{"id":86597,"date":"2026-02-10T09:34:49","date_gmt":"2026-02-10T06:34:49","guid":{"rendered":"https:\/\/www.egemtv.com\/?p=86597"},"modified":"2026-02-10T09:34:50","modified_gmt":"2026-02-10T06:34:50","slug":"baskan-ercan-yenipazar-halkimizin-oz-malidir","status":"publish","type":"post","link":"https:\/\/www.egemtv.com\/?p=86597","title":{"rendered":"Ba\u015fkan Ercan: &#8220;Yenipazar halk\u0131m\u0131z\u0131n \u00f6z mal\u0131d\u0131r&#8221;"},"content":{"rendered":"<p>Yenipazar Belediye Ba\u015fkan\u0131 Malik Ercan, belediyeye kazand\u0131r\u0131lan yeni i\u015f makinalar\u0131n\u0131n Yenipazar\u2019\u0131n \u00f6z mal\u0131 oldu\u011funu ifade ederek, il\u00e7eye hay\u0131rl\u0131 olmas\u0131n\u0131 diledi.<\/p>\n<p>Ba\u015fkan Ercan konu ile ilgili olarak yapt\u0131\u011f\u0131 a\u00e7\u0131klamada, &#8220;Yenipazar i\u00e7in var g\u00fcc\u00fcm\u00fczle \u00e7al\u0131\u015fmaya devam ederken; vatanda\u015flar\u0131m\u0131z\u0131n taleplerine daha h\u0131zl\u0131 yeti\u015fmek amac\u0131yla ara\u00e7 filomuzu kuvvetlendirdik. \u0130ller Bankas\u0131\u2019ndan kulland\u0131\u011f\u0131m\u0131z kredi ve \u00c7evre, \u015eehircilik ve \u0130klim De\u011fi\u015fikli\u011fi Bakanl\u0131\u011f\u0131m\u0131z taraf\u0131ndan verilen hibelerle Yenipazar Belediyemize kazand\u0131r\u0131lan yeni i\u015f makinalar\u0131 hay\u0131rl\u0131, u\u011furlu olsun. Kep\u00e7eler, kamyon ve trakt\u00f6rler\u00fcn \u0130l\u00e7emize kazand\u0131r\u0131lmas\u0131nda emekleri olan \u00c7evre, \u015eehircilik ve \u0130klim De\u011fi\u015fikli\u011fi Bakan\u0131m\u0131z Murat Kurum ba\u015fta olmak \u00fczere, AK Parti Ayd\u0131n Milletvekillerimize, \u0130ller Bankas\u0131 B\u00f6lge M\u00fcd\u00fcr\u00fc \u0130zzet G\u00fcnal\u2019a ve t\u00fcm payda\u015flar\u0131m\u0131za ayr\u0131 ayr\u0131 te\u015fekk\u00fcr ediyorum. Bizlerin her daim arkas\u0131nda kaya gibi duran Topuklu Efemiz Ayd\u0131n B\u00fcy\u00fck\u015fehir Belediye Ba\u015fkan\u0131m\u0131z \u00d6zlem \u00c7er\u00e7io\u011flu\u2019na da \u00e7ok te\u015fekk\u00fcr ediyorum&#8221; dedi.<br \/><\/p>\n","protected":false},"excerpt":{"rendered":"<p>Yenipazar Belediye Ba\u015fkan\u0131 Malik Ercan, belediyeye kazand\u0131r\u0131lan yeni i\u015f makinalar\u0131n\u0131n Yenipazar\u2019\u0131n \u00f6z mal\u0131 oldu\u011funu ifade ederek, il\u00e7eye hay\u0131rl\u0131 olmas\u0131n\u0131 diledi. Ba\u015fkan Ercan konu ile ilgili olarak yapt\u0131\u011f\u0131 a\u00e7\u0131klamada, &#8220;Yenipazar i\u00e7in var g\u00fcc\u00fcm\u00fczle \u00e7al\u0131\u015fmaya devam ederken; vatanda\u015flar\u0131m\u0131z\u0131n taleplerine daha h\u0131zl\u0131 yeti\u015fmek amac\u0131yla ara\u00e7 filomuzu kuvvetlendirdik. \u0130ller Bankas\u0131\u2019ndan kulland\u0131\u011f\u0131m\u0131z kredi ve \u00c7evre, \u015eehircilik ve \u0130klim De\u011fi\u015fikli\u011fi Bakanl\u0131\u011f\u0131m\u0131z&#8230;<\/p>\n","protected":false},"author":1,"featured_media":86598,"comment_status":"open","ping_status":"open","sticky":false,"template":"","format":"standard","meta":{"_crdt_document":"","footnotes":""},"categories":[1],"tags":[],"class_list":["post-86597","post","type-post","status-publish","format-standard","has-post-thumbnail","hentry","category-guncel"],"_links":{"self":[{"href":"https:\/\/www.egemtv.com\/index.php?rest_route=\/wp\/v2\/posts\/86597","targetHints":{"allow":["GET"]}}],"collection":[{"href":"https:\/\/www.egemtv.com\/index.php?rest_route=\/wp\/v2\/posts"}],"about":[{"href":"https:\/\/www.egemtv.com\/index.php?rest_route=\/wp\/v2\/types\/post"}],"author":[{"embeddable":true,"href":"https:\/\/www.egemtv.com\/index.php?rest_route=\/wp\/v2\/users\/1"}],"replies":[{"embeddable":true,"href":"https:\/\/www.egemtv.com\/index.php?rest_route=%2Fwp%2Fv2%2Fcomments&post=86597"}],"version-history":[{"count":1,"href":"https:\/\/www.egemtv.com\/index.php?rest_route=\/wp\/v2\/posts\/86597\/revisions"}],"predecessor-version":[{"id":86599,"href":"https:\/\/www.egemtv.com\/index.php?rest_route=\/wp\/v2\/posts\/86597\/revisions\/86599"}],"wp:featuredmedia":[{"embeddable":true,"href":"https:\/\/www.egemtv.com\/index.php?rest_route=\/wp\/v2\/media\/86598"}],"wp:attachment":[{"href":"https:\/\/www.egemtv.com\/index.php?rest_route=%2Fwp%2Fv2%2Fmedia&parent=86597"}],"wp:term":[{"taxonomy":"category","embeddable":true,"href":"https:\/\/www.egemtv.com\/index.php?rest_route=%2Fwp%2Fv2%2Fcategories&post=86597"},{"taxonomy":"post_tag","embeddable":true,"href":"https:\/\/www.egemtv.com\/index.php?rest_route=%2Fwp%2Fv2%2Ftags&post=86597"}],"curies":[{"name":"wp","href":"https:\/\/api.w.org\/{rel}","templated":true}]}}