{"id":86594,"date":"2026-02-10T08:54:32","date_gmt":"2026-02-10T05:54:32","guid":{"rendered":"https:\/\/www.egemtv.com\/?p=86594"},"modified":"2026-02-10T08:54:33","modified_gmt":"2026-02-10T05:54:33","slug":"aydin-tarim-fuari-icin-geri-sayim-basladi","status":"publish","type":"post","link":"https:\/\/www.egemtv.com\/?p=86594","title":{"rendered":"Ayd\u0131n Tar\u0131m Fuar\u0131 i\u00e7in geri say\u0131m ba\u015flad\u0131"},"content":{"rendered":"<p>Ayd\u0131n\u2019da bu y\u0131l 13\u2019\u00fcnc\u00fcs\u00fc d\u00fczenlenecek olan Uluslararas\u0131 Tar\u0131m, G\u0131da ve Hayvanc\u0131l\u0131k Fuar\u0131 i\u00e7in geri say\u0131m ba\u015flad\u0131.<\/p>\n<p>T\u00fcrkiye\u2019nin \u00f6nemli tar\u0131m kentlerinden olan Ayd\u0131n, Uluslararas\u0131 Tar\u0131m, G\u0131da ve Hayvanc\u0131l\u0131k Fuar\u0131\u2019na 13\u2019\u00fcnc\u00fc kez ev sahipli\u011fi yapmaya haz\u0131rlan\u0131yor. 12-15 \u015eubat 2026 tarihlerinde ger\u00e7ekle\u015ftirilecek olan fuarda tar\u0131m, g\u0131da ve hayvanc\u0131l\u0131k sekt\u00f6rlerindeki ulusal ve uluslararas\u0131 firmalar \u00fcretici ve vatanda\u015flarla bulu\u015facak. &#8220;Tohumdan t\u00fcketicisine&#8221; slogan\u0131yla ger\u00e7ekle\u015ftirilecek olan fuar\u0131n a\u00e7\u0131l\u0131\u015f\u0131 ise 12 \u015eubat Per\u015fembe g\u00fcn\u00fc saat 12.00\u2019de olacak. Tar\u0131msal anlamda yeni \u00fcr\u00fcnlerin payla\u015f\u0131laca\u011f\u0131 fuarda \u00fcreticiyle t\u00fcketici bir araya gelebilecek. Mu\u011fla Bulvar\u0131 \u00fczerindeki Tari\u015f Pamuk Depolar\u0131\u2019nda d\u00fczenlenecek olan fuar\u0131 ziyaret etmek isteyen vatanda\u015flar da, 15 \u015eubat Pazar g\u00fcn\u00fcne kadar saat 10.00-18.00 saatleri aras\u0131nda ziyaret edebilecek.<br \/><\/p>\n","protected":false},"excerpt":{"rendered":"<p>Ayd\u0131n\u2019da bu y\u0131l 13\u2019\u00fcnc\u00fcs\u00fc d\u00fczenlenecek olan Uluslararas\u0131 Tar\u0131m, G\u0131da ve Hayvanc\u0131l\u0131k Fuar\u0131 i\u00e7in geri say\u0131m ba\u015flad\u0131. T\u00fcrkiye\u2019nin \u00f6nemli tar\u0131m kentlerinden olan Ayd\u0131n, Uluslararas\u0131 Tar\u0131m, G\u0131da ve Hayvanc\u0131l\u0131k Fuar\u0131\u2019na 13\u2019\u00fcnc\u00fc kez ev sahipli\u011fi yapmaya haz\u0131rlan\u0131yor. 12-15 \u015eubat 2026 tarihlerinde ger\u00e7ekle\u015ftirilecek olan fuarda tar\u0131m, g\u0131da ve hayvanc\u0131l\u0131k sekt\u00f6rlerindeki ulusal ve uluslararas\u0131 firmalar \u00fcretici ve vatanda\u015flarla bulu\u015facak. &#8220;Tohumdan&#8230;<\/p>\n","protected":false},"author":1,"featured_media":86595,"comment_status":"open","ping_status":"open","sticky":false,"template":"","format":"standard","meta":{"_crdt_document":"","footnotes":""},"categories":[1],"tags":[],"class_list":["post-86594","post","type-post","status-publish","format-standard","has-post-thumbnail","hentry","category-guncel"],"_links":{"self":[{"href":"https:\/\/www.egemtv.com\/index.php?rest_route=\/wp\/v2\/posts\/86594","targetHints":{"allow":["GET"]}}],"collection":[{"href":"https:\/\/www.egemtv.com\/index.php?rest_route=\/wp\/v2\/posts"}],"about":[{"href":"https:\/\/www.egemtv.com\/index.php?rest_route=\/wp\/v2\/types\/post"}],"author":[{"embeddable":true,"href":"https:\/\/www.egemtv.com\/index.php?rest_route=\/wp\/v2\/users\/1"}],"replies":[{"embeddable":true,"href":"https:\/\/www.egemtv.com\/index.php?rest_route=%2Fwp%2Fv2%2Fcomments&post=86594"}],"version-history":[{"count":1,"href":"https:\/\/www.egemtv.com\/index.php?rest_route=\/wp\/v2\/posts\/86594\/revisions"}],"predecessor-version":[{"id":86596,"href":"https:\/\/www.egemtv.com\/index.php?rest_route=\/wp\/v2\/posts\/86594\/revisions\/86596"}],"wp:featuredmedia":[{"embeddable":true,"href":"https:\/\/www.egemtv.com\/index.php?rest_route=\/wp\/v2\/media\/86595"}],"wp:attachment":[{"href":"https:\/\/www.egemtv.com\/index.php?rest_route=%2Fwp%2Fv2%2Fmedia&parent=86594"}],"wp:term":[{"taxonomy":"category","embeddable":true,"href":"https:\/\/www.egemtv.com\/index.php?rest_route=%2Fwp%2Fv2%2Fcategories&post=86594"},{"taxonomy":"post_tag","embeddable":true,"href":"https:\/\/www.egemtv.com\/index.php?rest_route=%2Fwp%2Fv2%2Ftags&post=86594"}],"curies":[{"name":"wp","href":"https:\/\/api.w.org\/{rel}","templated":true}]}}