{"id":86591,"date":"2026-02-10T08:54:32","date_gmt":"2026-02-10T05:54:32","guid":{"rendered":"https:\/\/www.egemtv.com\/?p=86591"},"modified":"2026-02-10T08:54:32","modified_gmt":"2026-02-10T05:54:32","slug":"koycegizde-floor-curling-turnuvasi-basladi","status":"publish","type":"post","link":"https:\/\/www.egemtv.com\/?p=86591","title":{"rendered":"K\u00f6yce\u011fiz\u2019de Floor Curling Turnuvas\u0131 ba\u015flad\u0131"},"content":{"rendered":"<p>Mu\u011fla\u2019n\u0131n K\u00f6yce\u011fiz il\u00e7esinde ilk d\u00f6rt dereceye giren tak\u0131mlara \u00e7e\u015fitli \u00f6d\u00fcllerin verilece\u011fi Floor Curling Turnuvas\u0131 ba\u015flad\u0131.<\/p>\n<p>K\u00f6yce\u011fiz Kaymakaml\u0131\u011f\u0131 himayelerinde K\u00f6yce\u011fiz Gen\u00e7lik ve Spor \u0130l\u00e7e M\u00fcd\u00fcrl\u00fc\u011f\u00fc ve Floor Curling Federasyonu Mu\u011fla \u0130l Temsilcili\u011fi taraf\u0131ndan d\u00fczenlenen Floor Curling Turnuvas\u0131n\u0131n start\u0131 Pazartesi g\u00fcn\u00fc saat 18.30\u2019da verildi. Floor Curling Turnuvas\u0131 yaln\u0131zca karma tak\u0131m m\u00fcsabakalar\u0131 \u015feklinde ger\u00e7ekle\u015ftiriliyor. \u00c7iftlerin yar\u0131\u015ft\u0131\u011f\u0131 tak\u0131mlar 1 kad\u0131n-1 erkek oyuncudan olu\u015fuyor. 9-11 \u015eubat 2026 tarihleri aras\u0131nda 3 g\u00fcn s\u00fcrecek olan &#8220;K\u00f6yce\u011fiz Floor Curling Turnuvas\u0131&#8221; K\u00f6yce\u011fiz Kapal\u0131 Spor Salonu\u2019nda 38 tak\u0131m\u0131n kat\u0131l\u0131m\u0131 ile ba\u015flad\u0131. K\u00f6yce\u011fiz Kaymakaml\u0131\u011f\u0131 taraf\u0131ndan 7\u2019den 70\u2019e spor anlay\u0131\u015f\u0131yla t\u00fcm halk K\u00f6yce\u011fiz Floor Curling Turnuvas\u0131n\u0131 izlemeye davet edildi.<br \/><\/p>\n","protected":false},"excerpt":{"rendered":"<p>Mu\u011fla\u2019n\u0131n K\u00f6yce\u011fiz il\u00e7esinde ilk d\u00f6rt dereceye giren tak\u0131mlara \u00e7e\u015fitli \u00f6d\u00fcllerin verilece\u011fi Floor Curling Turnuvas\u0131 ba\u015flad\u0131. K\u00f6yce\u011fiz Kaymakaml\u0131\u011f\u0131 himayelerinde K\u00f6yce\u011fiz Gen\u00e7lik ve Spor \u0130l\u00e7e M\u00fcd\u00fcrl\u00fc\u011f\u00fc ve Floor Curling Federasyonu Mu\u011fla \u0130l Temsilcili\u011fi taraf\u0131ndan d\u00fczenlenen Floor Curling Turnuvas\u0131n\u0131n start\u0131 Pazartesi g\u00fcn\u00fc saat 18.30\u2019da verildi. Floor Curling Turnuvas\u0131 yaln\u0131zca karma tak\u0131m m\u00fcsabakalar\u0131 \u015feklinde ger\u00e7ekle\u015ftiriliyor. \u00c7iftlerin yar\u0131\u015ft\u0131\u011f\u0131 tak\u0131mlar 1&#8230;<\/p>\n","protected":false},"author":1,"featured_media":86592,"comment_status":"open","ping_status":"open","sticky":false,"template":"","format":"standard","meta":{"_crdt_document":"","footnotes":""},"categories":[4],"tags":[],"class_list":["post-86591","post","type-post","status-publish","format-standard","has-post-thumbnail","hentry","category-spor"],"_links":{"self":[{"href":"https:\/\/www.egemtv.com\/index.php?rest_route=\/wp\/v2\/posts\/86591","targetHints":{"allow":["GET"]}}],"collection":[{"href":"https:\/\/www.egemtv.com\/index.php?rest_route=\/wp\/v2\/posts"}],"about":[{"href":"https:\/\/www.egemtv.com\/index.php?rest_route=\/wp\/v2\/types\/post"}],"author":[{"embeddable":true,"href":"https:\/\/www.egemtv.com\/index.php?rest_route=\/wp\/v2\/users\/1"}],"replies":[{"embeddable":true,"href":"https:\/\/www.egemtv.com\/index.php?rest_route=%2Fwp%2Fv2%2Fcomments&post=86591"}],"version-history":[{"count":1,"href":"https:\/\/www.egemtv.com\/index.php?rest_route=\/wp\/v2\/posts\/86591\/revisions"}],"predecessor-version":[{"id":86593,"href":"https:\/\/www.egemtv.com\/index.php?rest_route=\/wp\/v2\/posts\/86591\/revisions\/86593"}],"wp:featuredmedia":[{"embeddable":true,"href":"https:\/\/www.egemtv.com\/index.php?rest_route=\/wp\/v2\/media\/86592"}],"wp:attachment":[{"href":"https:\/\/www.egemtv.com\/index.php?rest_route=%2Fwp%2Fv2%2Fmedia&parent=86591"}],"wp:term":[{"taxonomy":"category","embeddable":true,"href":"https:\/\/www.egemtv.com\/index.php?rest_route=%2Fwp%2Fv2%2Fcategories&post=86591"},{"taxonomy":"post_tag","embeddable":true,"href":"https:\/\/www.egemtv.com\/index.php?rest_route=%2Fwp%2Fv2%2Ftags&post=86591"}],"curies":[{"name":"wp","href":"https:\/\/api.w.org\/{rel}","templated":true}]}}