{"id":86588,"date":"2026-02-09T23:14:36","date_gmt":"2026-02-09T20:14:36","guid":{"rendered":"https:\/\/www.egemtv.com\/?p=86588"},"modified":"2026-02-09T23:14:36","modified_gmt":"2026-02-09T20:14:36","slug":"manisada-motosiklet-denetimlerinde-3-gunde-42-milyon-tl-ceza","status":"publish","type":"post","link":"https:\/\/www.egemtv.com\/?p=86588","title":{"rendered":"Manisa\u2019da motosiklet denetimlerinde 3 g\u00fcnde 4,2 milyon TL ceza"},"content":{"rendered":"<p>Manisa \u0130l Emniyet M\u00fcd\u00fcrl\u00fc\u011f\u00fc\u2019n\u00fcn il genelinde ger\u00e7ekle\u015ftirdi\u011fi motosiklet ve motorlu bisiklet denetimlerinde binin \u00fczerinde s\u00fcr\u00fcc\u00fcye ceza kesilirken, 47 ara\u00e7 da trafikten men edildi.<br \/>\n<br \/>Manisa \u0130l Emniyet M\u00fcd\u00fcrl\u00fc\u011f\u00fc Trafik Denetleme \u015eube M\u00fcd\u00fcrl\u00fc\u011f\u00fc ile il\u00e7e trafik birimleri taraf\u0131ndan 6-8 \u015eubat tarihleri aras\u0131nda motosiklet ve motorlu bisikletlere y\u00f6nelik geni\u015f \u00e7apl\u0131 denetim ger\u00e7ekle\u015ftirildi. \u0130l genelinde 32 ekip ve 68 trafik personelinin kat\u0131l\u0131m\u0131yla yap\u0131lan uygulamalarda toplam 2 bin 833 ara\u00e7 ve s\u00fcr\u00fcc\u00fcs\u00fc kontrol edildi. Denetimler sonucunda kusurlu bulunan bin 91 ara\u00e7 ve s\u00fcr\u00fcc\u00fcs\u00fcne 2918 say\u0131l\u0131 Karayollar\u0131 Trafik Kanunu kapsam\u0131nda cezai i\u015flem uyguland\u0131. Yap\u0131lan kontrollerde plaka eksikli\u011fi nedeniyle 21, muayenesiz ara\u00e7 kullanmaktan 57, ehliyetsiz ara\u00e7 kullanmaktan 60, yetersiz ehliyetle ara\u00e7 kullanmaktan 35, yaya yollar\u0131nda motosiklet s\u00fcrmekten 35, kask takmamaktan ise 609 s\u00fcr\u00fcc\u00fcye ceza kesildi. Di\u011fer kanun maddelerinden de 274 adet i\u015flem yap\u0131ld\u0131\u011f\u0131 a\u00e7\u0131kland\u0131. Denetimler kapsam\u0131nda toplam 4 milyon 214 bin 432 lira idari para cezas\u0131 uygulan\u0131rken, 47 ara\u00e7 trafikten men edildi.<br \/><\/p>\n","protected":false},"excerpt":{"rendered":"<p>Manisa \u0130l Emniyet M\u00fcd\u00fcrl\u00fc\u011f\u00fc\u2019n\u00fcn il genelinde ger\u00e7ekle\u015ftirdi\u011fi motosiklet ve motorlu bisiklet denetimlerinde binin \u00fczerinde s\u00fcr\u00fcc\u00fcye ceza kesilirken, 47 ara\u00e7 da trafikten men edildi. Manisa \u0130l Emniyet M\u00fcd\u00fcrl\u00fc\u011f\u00fc Trafik Denetleme \u015eube M\u00fcd\u00fcrl\u00fc\u011f\u00fc ile il\u00e7e trafik birimleri taraf\u0131ndan 6-8 \u015eubat tarihleri aras\u0131nda motosiklet ve motorlu bisikletlere y\u00f6nelik geni\u015f \u00e7apl\u0131 denetim ger\u00e7ekle\u015ftirildi. \u0130l genelinde 32 ekip ve 68&#8230;<\/p>\n","protected":false},"author":1,"featured_media":86589,"comment_status":"open","ping_status":"open","sticky":false,"template":"","format":"standard","meta":{"_crdt_document":"","footnotes":""},"categories":[5],"tags":[],"class_list":["post-86588","post","type-post","status-publish","format-standard","has-post-thumbnail","hentry","category-asayis"],"_links":{"self":[{"href":"https:\/\/www.egemtv.com\/index.php?rest_route=\/wp\/v2\/posts\/86588","targetHints":{"allow":["GET"]}}],"collection":[{"href":"https:\/\/www.egemtv.com\/index.php?rest_route=\/wp\/v2\/posts"}],"about":[{"href":"https:\/\/www.egemtv.com\/index.php?rest_route=\/wp\/v2\/types\/post"}],"author":[{"embeddable":true,"href":"https:\/\/www.egemtv.com\/index.php?rest_route=\/wp\/v2\/users\/1"}],"replies":[{"embeddable":true,"href":"https:\/\/www.egemtv.com\/index.php?rest_route=%2Fwp%2Fv2%2Fcomments&post=86588"}],"version-history":[{"count":1,"href":"https:\/\/www.egemtv.com\/index.php?rest_route=\/wp\/v2\/posts\/86588\/revisions"}],"predecessor-version":[{"id":86590,"href":"https:\/\/www.egemtv.com\/index.php?rest_route=\/wp\/v2\/posts\/86588\/revisions\/86590"}],"wp:featuredmedia":[{"embeddable":true,"href":"https:\/\/www.egemtv.com\/index.php?rest_route=\/wp\/v2\/media\/86589"}],"wp:attachment":[{"href":"https:\/\/www.egemtv.com\/index.php?rest_route=%2Fwp%2Fv2%2Fmedia&parent=86588"}],"wp:term":[{"taxonomy":"category","embeddable":true,"href":"https:\/\/www.egemtv.com\/index.php?rest_route=%2Fwp%2Fv2%2Fcategories&post=86588"},{"taxonomy":"post_tag","embeddable":true,"href":"https:\/\/www.egemtv.com\/index.php?rest_route=%2Fwp%2Fv2%2Ftags&post=86588"}],"curies":[{"name":"wp","href":"https:\/\/api.w.org\/{rel}","templated":true}]}}