{"id":86582,"date":"2026-02-09T20:34:51","date_gmt":"2026-02-09T17:34:51","guid":{"rendered":"https:\/\/www.egemtv.com\/?p=86582"},"modified":"2026-02-09T20:34:51","modified_gmt":"2026-02-09T17:34:51","slug":"buca-belediyesine-yonelik-rusvet-operasyonunda-7-tutuklama","status":"publish","type":"post","link":"https:\/\/www.egemtv.com\/?p=86582","title":{"rendered":"Buca Belediyesi\u2019ne y\u00f6nelik r\u00fc\u015fvet operasyonunda 7 tutuklama"},"content":{"rendered":"<p>\u0130zmir\u2019de Buca Belediyesi ve bir yap\u0131 denetim firmas\u0131na y\u00f6nelik &#8220;r\u00fc\u015fvet&#8221; ve &#8220;usuls\u00fcz ruhsatland\u0131rma&#8221; iddialar\u0131yla d\u00fczenlenen operasyonda g\u00f6zalt\u0131na al\u0131narak adliyeye sevk edilen 26 \u015f\u00fcpheliden 7\u2019si tutukland\u0131.<br \/>\n<br \/>\u0130zmir Cumhuriyet Ba\u015fsavc\u0131l\u0131\u011f\u0131 koordinesinde y\u00fcr\u00fct\u00fclen soru\u015fturma \u00e7er\u00e7evesinde, Buca il\u00e7esinde faaliyet g\u00f6steren bir yap\u0131 denetim firmas\u0131 sahibi ve \u00e7al\u0131\u015fanlar\u0131n\u0131n Buca Belediyesi Ruhsat ve Denetim M\u00fcd\u00fcrl\u00fc\u011f\u00fc personeline r\u00fc\u015fvet verdikleri veya arac\u0131l\u0131k ettikleri iddia edildi. Mevzuata ayk\u0131r\u0131 yap\u0131 ve planlar\u0131n usul\u00fcne uygunmu\u015f gibi g\u00f6sterilerek ruhsat al\u0131nd\u0131\u011f\u0131 ve haks\u0131z kazan\u00e7 elde edildi\u011fi su\u00e7lamas\u0131yla d\u00fczenlenen e\u015f zamanl\u0131 operasyonda 26 \u015f\u00fcpheli g\u00f6zalt\u0131na al\u0131nd\u0131. Emniyetteki i\u015flemlerinin ard\u0131ndan adliyeye sevk edilen 26 \u015f\u00fcpheliden Buca Belediyesi Ruhsat ve Denetim M\u00fcd\u00fcr\u00fc \u0130.B., belediye memuru C.B., belediye b\u00fcro i\u015f\u00e7ileri C.\u015e. ve G.P., belediyede g\u00f6revli m\u00fchendis M.G. ile yap\u0131 denetim firmas\u0131 sahibi C.S. ve firma \u00e7al\u0131\u015fan\u0131 S.K. tutuklan\u0131rken, 19 \u015f\u00fcpheli ise adli kontrol \u015fart\u0131yla serbest b\u0131rak\u0131ld\u0131.<br \/><\/p>\n","protected":false},"excerpt":{"rendered":"<p>\u0130zmir\u2019de Buca Belediyesi ve bir yap\u0131 denetim firmas\u0131na y\u00f6nelik &#8220;r\u00fc\u015fvet&#8221; ve &#8220;usuls\u00fcz ruhsatland\u0131rma&#8221; iddialar\u0131yla d\u00fczenlenen operasyonda g\u00f6zalt\u0131na al\u0131narak adliyeye sevk edilen 26 \u015f\u00fcpheliden 7\u2019si tutukland\u0131. \u0130zmir Cumhuriyet Ba\u015fsavc\u0131l\u0131\u011f\u0131 koordinesinde y\u00fcr\u00fct\u00fclen soru\u015fturma \u00e7er\u00e7evesinde, Buca il\u00e7esinde faaliyet g\u00f6steren bir yap\u0131 denetim firmas\u0131 sahibi ve \u00e7al\u0131\u015fanlar\u0131n\u0131n Buca Belediyesi Ruhsat ve Denetim M\u00fcd\u00fcrl\u00fc\u011f\u00fc personeline r\u00fc\u015fvet verdikleri veya arac\u0131l\u0131k ettikleri&#8230;<\/p>\n","protected":false},"author":1,"featured_media":86583,"comment_status":"open","ping_status":"open","sticky":false,"template":"","format":"standard","meta":{"_crdt_document":"","footnotes":""},"categories":[5],"tags":[],"class_list":["post-86582","post","type-post","status-publish","format-standard","has-post-thumbnail","hentry","category-asayis"],"_links":{"self":[{"href":"https:\/\/www.egemtv.com\/index.php?rest_route=\/wp\/v2\/posts\/86582","targetHints":{"allow":["GET"]}}],"collection":[{"href":"https:\/\/www.egemtv.com\/index.php?rest_route=\/wp\/v2\/posts"}],"about":[{"href":"https:\/\/www.egemtv.com\/index.php?rest_route=\/wp\/v2\/types\/post"}],"author":[{"embeddable":true,"href":"https:\/\/www.egemtv.com\/index.php?rest_route=\/wp\/v2\/users\/1"}],"replies":[{"embeddable":true,"href":"https:\/\/www.egemtv.com\/index.php?rest_route=%2Fwp%2Fv2%2Fcomments&post=86582"}],"version-history":[{"count":1,"href":"https:\/\/www.egemtv.com\/index.php?rest_route=\/wp\/v2\/posts\/86582\/revisions"}],"predecessor-version":[{"id":86584,"href":"https:\/\/www.egemtv.com\/index.php?rest_route=\/wp\/v2\/posts\/86582\/revisions\/86584"}],"wp:featuredmedia":[{"embeddable":true,"href":"https:\/\/www.egemtv.com\/index.php?rest_route=\/wp\/v2\/media\/86583"}],"wp:attachment":[{"href":"https:\/\/www.egemtv.com\/index.php?rest_route=%2Fwp%2Fv2%2Fmedia&parent=86582"}],"wp:term":[{"taxonomy":"category","embeddable":true,"href":"https:\/\/www.egemtv.com\/index.php?rest_route=%2Fwp%2Fv2%2Fcategories&post=86582"},{"taxonomy":"post_tag","embeddable":true,"href":"https:\/\/www.egemtv.com\/index.php?rest_route=%2Fwp%2Fv2%2Ftags&post=86582"}],"curies":[{"name":"wp","href":"https:\/\/api.w.org\/{rel}","templated":true}]}}