{"id":86579,"date":"2026-02-09T20:14:51","date_gmt":"2026-02-09T17:14:51","guid":{"rendered":"https:\/\/www.egemtv.com\/?p=86579"},"modified":"2026-02-09T20:14:52","modified_gmt":"2026-02-09T17:14:52","slug":"datcada-deprem-tahliye-tatbikati-gerceklestirildi","status":"publish","type":"post","link":"https:\/\/www.egemtv.com\/?p=86579","title":{"rendered":"Dat\u00e7a\u2019da deprem tahliye tatbikat\u0131 ger\u00e7ekle\u015ftirildi"},"content":{"rendered":"<p>Mu\u011fla\u2019n\u0131n Dat\u00e7a il\u00e7esinde \u015eehit Ersoy Yorulmaz Anadolu Lisesi\u2019nde deprem tahliye tatbikat\u0131 ger\u00e7ekle\u015ftirildi.<\/p>\n<p>D\u00fczenlenen tatbikat kapsam\u0131nda \u00f6\u011frenciler deprem \u00f6ncesi, s\u0131ras\u0131 ve sonras\u0131nda yap\u0131lmas\u0131 gerekenler konusunda bilgilendirildi. Sirenlerin \u00e7almas\u0131yla birlikte &#8220;\u00c7\u00f6k &#8211; Kapan &#8211; Tutun&#8221; uygulamas\u0131 yap\u0131larak, okul k\u0131sa s\u00fcrede g\u00fcvenli \u015fekilde tahliye edildi. Tatbikat\u0131n, 6 \u015eubat depremlerinin unutulmamas\u0131 ve afetlere kar\u015f\u0131 haz\u0131rl\u0131\u011f\u0131n s\u00fcreklili\u011fini vurgulamak amac\u0131yla ger\u00e7ekle\u015ftirildi\u011fi \u00f6\u011frenildi.<br \/>\n<br \/>Tatbikata Dat\u00e7a Kaymakam\u0131 Murat At\u0131c\u0131, \u0130l\u00e7e Jandarma Komutan\u0131 Binba\u015f\u0131 O\u011fuz Kapusuz, \u0130l\u00e7e Emniyet M\u00fcd\u00fcr Vekili Ba\u015fkomiser Dursun Turan, \u0130l\u00e7e Mill\u00ee E\u011fitim M\u00fcd\u00fcr\u00fc B\u00fclent Aldal, Dat\u00e7a Devlet Hastanesi Ba\u015fhekimi Uz. Dr. Olcay Korkmaz, \u0130skele Mahallesi Muhtar\u0131 Meri\u00e7 Bora, Mu\u011fla AFAD ekipleri, Dat\u00e7a MAG-AME ekipleri ve 112 Acil Sa\u011fl\u0131k Hizmetleri kat\u0131l\u0131m sa\u011flad\u0131.<br \/><\/p>\n","protected":false},"excerpt":{"rendered":"<p>Mu\u011fla\u2019n\u0131n Dat\u00e7a il\u00e7esinde \u015eehit Ersoy Yorulmaz Anadolu Lisesi\u2019nde deprem tahliye tatbikat\u0131 ger\u00e7ekle\u015ftirildi. D\u00fczenlenen tatbikat kapsam\u0131nda \u00f6\u011frenciler deprem \u00f6ncesi, s\u0131ras\u0131 ve sonras\u0131nda yap\u0131lmas\u0131 gerekenler konusunda bilgilendirildi. Sirenlerin \u00e7almas\u0131yla birlikte &#8220;\u00c7\u00f6k &#8211; Kapan &#8211; Tutun&#8221; uygulamas\u0131 yap\u0131larak, okul k\u0131sa s\u00fcrede g\u00fcvenli \u015fekilde tahliye edildi. Tatbikat\u0131n, 6 \u015eubat depremlerinin unutulmamas\u0131 ve afetlere kar\u015f\u0131 haz\u0131rl\u0131\u011f\u0131n s\u00fcreklili\u011fini vurgulamak amac\u0131yla ger\u00e7ekle\u015ftirildi\u011fi&#8230;<\/p>\n","protected":false},"author":1,"featured_media":86580,"comment_status":"open","ping_status":"open","sticky":false,"template":"","format":"standard","meta":{"_crdt_document":"","footnotes":""},"categories":[1],"tags":[],"class_list":["post-86579","post","type-post","status-publish","format-standard","has-post-thumbnail","hentry","category-guncel"],"_links":{"self":[{"href":"https:\/\/www.egemtv.com\/index.php?rest_route=\/wp\/v2\/posts\/86579","targetHints":{"allow":["GET"]}}],"collection":[{"href":"https:\/\/www.egemtv.com\/index.php?rest_route=\/wp\/v2\/posts"}],"about":[{"href":"https:\/\/www.egemtv.com\/index.php?rest_route=\/wp\/v2\/types\/post"}],"author":[{"embeddable":true,"href":"https:\/\/www.egemtv.com\/index.php?rest_route=\/wp\/v2\/users\/1"}],"replies":[{"embeddable":true,"href":"https:\/\/www.egemtv.com\/index.php?rest_route=%2Fwp%2Fv2%2Fcomments&post=86579"}],"version-history":[{"count":1,"href":"https:\/\/www.egemtv.com\/index.php?rest_route=\/wp\/v2\/posts\/86579\/revisions"}],"predecessor-version":[{"id":86581,"href":"https:\/\/www.egemtv.com\/index.php?rest_route=\/wp\/v2\/posts\/86579\/revisions\/86581"}],"wp:featuredmedia":[{"embeddable":true,"href":"https:\/\/www.egemtv.com\/index.php?rest_route=\/wp\/v2\/media\/86580"}],"wp:attachment":[{"href":"https:\/\/www.egemtv.com\/index.php?rest_route=%2Fwp%2Fv2%2Fmedia&parent=86579"}],"wp:term":[{"taxonomy":"category","embeddable":true,"href":"https:\/\/www.egemtv.com\/index.php?rest_route=%2Fwp%2Fv2%2Fcategories&post=86579"},{"taxonomy":"post_tag","embeddable":true,"href":"https:\/\/www.egemtv.com\/index.php?rest_route=%2Fwp%2Fv2%2Ftags&post=86579"}],"curies":[{"name":"wp","href":"https:\/\/api.w.org\/{rel}","templated":true}]}}