{"id":86576,"date":"2026-02-09T20:14:50","date_gmt":"2026-02-09T17:14:50","guid":{"rendered":"https:\/\/www.egemtv.com\/?p=86576"},"modified":"2026-02-09T20:14:51","modified_gmt":"2026-02-09T17:14:51","slug":"izmirde-iki-kiz-kardesin-hayatini-kaybettigi-kazada-aranan-supheli-yakalandi","status":"publish","type":"post","link":"https:\/\/www.egemtv.com\/?p=86576","title":{"rendered":"\u0130zmir\u2019de iki k\u0131z karde\u015fin hayat\u0131n\u0131 kaybetti\u011fi kazada aranan \u015f\u00fcpheli yakaland\u0131"},"content":{"rendered":"<p>\u0130zmir\u2019in Menderes il\u00e7esinde iki k\u0131z karde\u015fin hayat\u0131n\u0131 kaybetti\u011fi trafik kazas\u0131yla ilgili aranan \u015f\u00fcpheli yakaland\u0131. G\u00f6zalt\u0131na al\u0131nan \u015fah\u0131slar\u0131n ilk ifadelerinde arac\u0131n k\u00f6pr\u00fc \u00fczerinde kayarak dere yata\u011f\u0131na d\u00fc\u015ft\u00fc\u011f\u00fcn\u00fc s\u00f6yledikleri \u00f6\u011frenildi.<br \/>\n<br \/>Kaza, 6 \u015eubat\u2019ta ak\u015fam saatlerinde Menderes il\u00e7esinde meydana geldi. Edinilen bilgiye g\u00f6re, 35 CPV 616 plakal\u0131 otomobil kontrolden \u00e7\u0131karak dere yata\u011f\u0131na devrildi. Tenha bir b\u00f6lgede ger\u00e7ekle\u015fen kazada, ara\u00e7ta bulunan Nergiz T. (21) ve karde\u015fi Bal\u0131m T. (16) hayat\u0131n\u0131 kaybetti. Kazadan sa\u011f kurtulan ancak haklar\u0131nda \u00e7e\u015fitli su\u00e7lardan arama karar\u0131 bulundu\u011fu i\u00e7in olay yerinden ka\u00e7t\u0131klar\u0131 iddia edilen D.Y. (28) ve T.D. (33) hakk\u0131nda jandarma ekipleri \u00e7al\u0131\u015fma ba\u015flatt\u0131. Kazan\u0131n ertesi sabah\u0131 kendi iste\u011fiyle karakola giderek teslim olan D.Y.\u2019nin yer g\u00f6stermesi \u00fczerine olay yerine giden ekipler, Nergiz T.\u2019nin cans\u0131z bedenine ara\u00e7 i\u00e7erisinde ula\u015ft\u0131. Bal\u0131m T.\u2019nin cans\u0131z bedeni ise ayn\u0131 g\u00fcn saat 11.00 s\u0131ralar\u0131nda vatanda\u015flar taraf\u0131ndan dere kenar\u0131nda bulundu. Y\u00fcr\u00fct\u00fclen soru\u015fturma kapsam\u0131nda olay\u0131n ard\u0131ndan kay\u0131plara kar\u0131\u015fan firari \u015f\u00fcpheli T.D. de, jandarma ekiplerinin takibi sonucu bug\u00fcn yakalanarak g\u00f6zalt\u0131na al\u0131nd\u0131.<br \/>\n<br \/>D.Y.\u2019nin ifadesinde, seyir halindeyken arac\u0131n k\u00f6pr\u00fc \u00fczerinde kayd\u0131\u011f\u0131n\u0131 ve dere yata\u011f\u0131na d\u00fc\u015ft\u00fcklerini s\u00f6yledi\u011fi \u00f6\u011frenildi. Jandarmadaki i\u015flemleri devam eden 2 \u015f\u00fcphelinin yar\u0131n adliyeye sevk edilece\u011fi bildirildi.<br \/><\/p>\n","protected":false},"excerpt":{"rendered":"<p>\u0130zmir\u2019in Menderes il\u00e7esinde iki k\u0131z karde\u015fin hayat\u0131n\u0131 kaybetti\u011fi trafik kazas\u0131yla ilgili aranan \u015f\u00fcpheli yakaland\u0131. G\u00f6zalt\u0131na al\u0131nan \u015fah\u0131slar\u0131n ilk ifadelerinde arac\u0131n k\u00f6pr\u00fc \u00fczerinde kayarak dere yata\u011f\u0131na d\u00fc\u015ft\u00fc\u011f\u00fcn\u00fc s\u00f6yledikleri \u00f6\u011frenildi. Kaza, 6 \u015eubat\u2019ta ak\u015fam saatlerinde Menderes il\u00e7esinde meydana geldi. Edinilen bilgiye g\u00f6re, 35 CPV 616 plakal\u0131 otomobil kontrolden \u00e7\u0131karak dere yata\u011f\u0131na devrildi. Tenha bir b\u00f6lgede ger\u00e7ekle\u015fen kazada,&#8230;<\/p>\n","protected":false},"author":1,"featured_media":86577,"comment_status":"open","ping_status":"open","sticky":false,"template":"","format":"standard","meta":{"_crdt_document":"","footnotes":""},"categories":[5],"tags":[],"class_list":["post-86576","post","type-post","status-publish","format-standard","has-post-thumbnail","hentry","category-asayis"],"_links":{"self":[{"href":"https:\/\/www.egemtv.com\/index.php?rest_route=\/wp\/v2\/posts\/86576","targetHints":{"allow":["GET"]}}],"collection":[{"href":"https:\/\/www.egemtv.com\/index.php?rest_route=\/wp\/v2\/posts"}],"about":[{"href":"https:\/\/www.egemtv.com\/index.php?rest_route=\/wp\/v2\/types\/post"}],"author":[{"embeddable":true,"href":"https:\/\/www.egemtv.com\/index.php?rest_route=\/wp\/v2\/users\/1"}],"replies":[{"embeddable":true,"href":"https:\/\/www.egemtv.com\/index.php?rest_route=%2Fwp%2Fv2%2Fcomments&post=86576"}],"version-history":[{"count":1,"href":"https:\/\/www.egemtv.com\/index.php?rest_route=\/wp\/v2\/posts\/86576\/revisions"}],"predecessor-version":[{"id":86578,"href":"https:\/\/www.egemtv.com\/index.php?rest_route=\/wp\/v2\/posts\/86576\/revisions\/86578"}],"wp:featuredmedia":[{"embeddable":true,"href":"https:\/\/www.egemtv.com\/index.php?rest_route=\/wp\/v2\/media\/86577"}],"wp:attachment":[{"href":"https:\/\/www.egemtv.com\/index.php?rest_route=%2Fwp%2Fv2%2Fmedia&parent=86576"}],"wp:term":[{"taxonomy":"category","embeddable":true,"href":"https:\/\/www.egemtv.com\/index.php?rest_route=%2Fwp%2Fv2%2Fcategories&post=86576"},{"taxonomy":"post_tag","embeddable":true,"href":"https:\/\/www.egemtv.com\/index.php?rest_route=%2Fwp%2Fv2%2Ftags&post=86576"}],"curies":[{"name":"wp","href":"https:\/\/api.w.org\/{rel}","templated":true}]}}