{"id":86573,"date":"2026-02-09T19:55:36","date_gmt":"2026-02-09T16:55:36","guid":{"rendered":"https:\/\/www.egemtv.com\/?p=86573"},"modified":"2026-02-09T19:55:37","modified_gmt":"2026-02-09T16:55:37","slug":"belediyenin-cevre-kirliligiyle-mucadelesi-devam-ediyor","status":"publish","type":"post","link":"https:\/\/www.egemtv.com\/?p=86573","title":{"rendered":"Belediyenin \u00e7evre kirlili\u011fiyle m\u00fccadelesi devam ediyor"},"content":{"rendered":"<p>Bodrum\u2019da do\u011faya geli\u015fig\u00fczel at\u0131lan at\u0131klara kar\u015f\u0131 belediye ekiplerinin m\u00fccadelesi aral\u0131ks\u0131z s\u00fcr\u00fcyor.<\/p>\n<p>Bodrum Belediyesi Temizlik \u0130\u015fleri M\u00fcd\u00fcrl\u00fc\u011f\u00fc ekipleri, rutin temizlik \u00e7al\u0131\u015fmalar\u0131n\u0131n yan\u0131 s\u0131ra ka\u00e7ak ve izinsiz olarak d\u00f6k\u00fclen \u00e7\u00f6pler, bah\u00e7e at\u0131klar\u0131 ve hafriyat at\u0131klar\u0131yla da ayr\u0131 bir m\u00fccadele y\u00fcr\u00fct\u00fcyor.<\/p>\n<p>Ormanl\u0131k alanlar, bo\u015f araziler ve yol kenarlar\u0131nda rastlanan plastik, bah\u00e7e ve in\u015faat at\u0131klar\u0131, do\u011fan\u0131n kendi dengesiyle ba\u015f ba\u015fa b\u0131rak\u0131lmad\u0131\u011f\u0131n\u0131 bir kez daha g\u00f6zler \u00f6n\u00fcne seriyor. \u00d6zellikle geli\u015fig\u00fczel ve izinsiz \u015fekilde d\u00f6k\u00fclen bah\u00e7e ve hafriyat at\u0131klar\u0131, hem belediye ekiplerinin zaman kayb\u0131na neden oluyor hem de Bodrum\u2019un do\u011fal yap\u0131s\u0131na ciddi zarar veriyor.<\/p>\n<p>Ayr\u0131ca ara\u00e7lardan at\u0131lan tek kullan\u0131ml\u0131k \u00fcr\u00fcn at\u0131klar\u0131 da \u00e7evre kirlili\u011finin \u00f6nemli kaynaklar\u0131 aras\u0131nda yer al\u0131yor. Yol kenarlar\u0131na b\u0131rak\u0131lan bu at\u0131klar, ya\u011f\u0131\u015flarla birlikte dere yataklar\u0131na, buradan da do\u011frudan denize ula\u015f\u0131yor. Uzmanlar, bu noktada \u00f6zellikle s\u00fcr\u00fcc\u00fclerin daha dikkatli ve duyarl\u0131 olmas\u0131 gerekti\u011fine dikkat \u00e7ekiyor.<\/p>\n<p>Temizlik \u0130\u015fleri M\u00fcd\u00fcrl\u00fc\u011f\u00fc ekipleri, daha temiz bir Bodrum i\u00e7in \u00e7al\u0131\u015fmalar\u0131n\u0131 7 g\u00fcn 24 saat s\u00fcrd\u00fcr\u00fcyor. Program d\u0131\u015f\u0131 alanlarda yap\u0131lan temizlik \u00e7al\u0131\u015fmalar\u0131yla \u00e7evre kirlili\u011finin \u00f6n\u00fcne ge\u00e7ilmeye \u00e7al\u0131\u015f\u0131l\u0131yor.<\/p>\n<p>Denetim ve temizlik \u00e7al\u0131\u015fmalar\u0131 s\u0131ras\u0131nda \u00e7\u00f6plerin i\u00e7erisinden \u00e7\u0131kan fatura, garanti belgesi ve benzeri evraklar \u00fczerinden \u00e7evreyi kirletenler tespit ediliyor. Temizlik \u0130\u015fleri M\u00fcd\u00fcrl\u00fc\u011f\u00fc ekipleri, bu tespitleri Zab\u0131ta ekiplerine bildirerek gerekli cezai i\u015flemlerin uygulanmas\u0131n\u0131 sa\u011fl\u0131yor.<\/p>\n<p>Temizlik \u0130\u015fleri M\u00fcd\u00fcrl\u00fc\u011f\u00fc yetkilileri, bah\u00e7e at\u0131klar\u0131n\u0131n yaln\u0131zca belirlenen g\u00fcnlerde ve po\u015fetlenerek \u00e7\u0131kar\u0131lmas\u0131 gerekti\u011fini, aksi halde ekiplerin temizlik \u00e7al\u0131\u015fmalar\u0131nda zorland\u0131\u011f\u0131n\u0131 belirtti. At\u0131klar\u0131n\u0131 po\u015fetlemeden ve g\u00fcn\u00fcnde \u00e7\u0131karmayanlara y\u00f6nelik cezai i\u015flem uyguland\u0131\u011f\u0131 da ayr\u0131ca ifade edildi.<\/p>\n<p>\u00d6te yandan ekipler, Bitez sahilinde ya\u011f\u0131\u015flar sonras\u0131 derelerden denize ta\u015f\u0131nan ve f\u0131rt\u0131nayla birlikte yeniden karaya vuran yo\u011fun \u00e7\u00f6p ve at\u0131klar\u0131 da kapsaml\u0131 bir \u015fekilde temizledi. Sahil hatt\u0131ndaki temizlik \u00e7al\u0131\u015fmalar\u0131n\u0131n, hava \u015fartlar\u0131n\u0131n uygun oldu\u011fu zamanlarda di\u011fer sahillerde de devam edece\u011fi bildirildi.<\/p>\n<p>&#8220;Bu do\u011fa hepimizin&#8221; mesaj\u0131yla yap\u0131lan \u00e7a\u011fr\u0131da, \u00e7evre kirlili\u011finin yaln\u0131zca bir g\u00f6r\u00fcnt\u00fc sorunu olmad\u0131\u011f\u0131; topra\u011f\u0131, suyu, canl\u0131 ya\u015fam\u0131n\u0131 ve gelece\u011fi tehdit eden ciddi bir problem oldu\u011funa dikkat \u00e7ekildi. Bodrum Belediyesi yetkilileri, vatanda\u015flar\u0131 daha duyarl\u0131 olmaya davet ederken, g\u00f6rd\u00fckleri olumsuzluklar\u0131 da belediyeye bildirmelerini istedi.<br \/><\/p>\n","protected":false},"excerpt":{"rendered":"<p>Bodrum\u2019da do\u011faya geli\u015fig\u00fczel at\u0131lan at\u0131klara kar\u015f\u0131 belediye ekiplerinin m\u00fccadelesi aral\u0131ks\u0131z s\u00fcr\u00fcyor. Bodrum Belediyesi Temizlik \u0130\u015fleri M\u00fcd\u00fcrl\u00fc\u011f\u00fc ekipleri, rutin temizlik \u00e7al\u0131\u015fmalar\u0131n\u0131n yan\u0131 s\u0131ra ka\u00e7ak ve izinsiz olarak d\u00f6k\u00fclen \u00e7\u00f6pler, bah\u00e7e at\u0131klar\u0131 ve hafriyat at\u0131klar\u0131yla da ayr\u0131 bir m\u00fccadele y\u00fcr\u00fct\u00fcyor. Ormanl\u0131k alanlar, bo\u015f araziler ve yol kenarlar\u0131nda rastlanan plastik, bah\u00e7e ve in\u015faat at\u0131klar\u0131, do\u011fan\u0131n kendi dengesiyle ba\u015f&#8230;<\/p>\n","protected":false},"author":1,"featured_media":86574,"comment_status":"open","ping_status":"open","sticky":false,"template":"","format":"standard","meta":{"_crdt_document":"","footnotes":""},"categories":[1],"tags":[],"class_list":["post-86573","post","type-post","status-publish","format-standard","has-post-thumbnail","hentry","category-guncel"],"_links":{"self":[{"href":"https:\/\/www.egemtv.com\/index.php?rest_route=\/wp\/v2\/posts\/86573","targetHints":{"allow":["GET"]}}],"collection":[{"href":"https:\/\/www.egemtv.com\/index.php?rest_route=\/wp\/v2\/posts"}],"about":[{"href":"https:\/\/www.egemtv.com\/index.php?rest_route=\/wp\/v2\/types\/post"}],"author":[{"embeddable":true,"href":"https:\/\/www.egemtv.com\/index.php?rest_route=\/wp\/v2\/users\/1"}],"replies":[{"embeddable":true,"href":"https:\/\/www.egemtv.com\/index.php?rest_route=%2Fwp%2Fv2%2Fcomments&post=86573"}],"version-history":[{"count":1,"href":"https:\/\/www.egemtv.com\/index.php?rest_route=\/wp\/v2\/posts\/86573\/revisions"}],"predecessor-version":[{"id":86575,"href":"https:\/\/www.egemtv.com\/index.php?rest_route=\/wp\/v2\/posts\/86573\/revisions\/86575"}],"wp:featuredmedia":[{"embeddable":true,"href":"https:\/\/www.egemtv.com\/index.php?rest_route=\/wp\/v2\/media\/86574"}],"wp:attachment":[{"href":"https:\/\/www.egemtv.com\/index.php?rest_route=%2Fwp%2Fv2%2Fmedia&parent=86573"}],"wp:term":[{"taxonomy":"category","embeddable":true,"href":"https:\/\/www.egemtv.com\/index.php?rest_route=%2Fwp%2Fv2%2Fcategories&post=86573"},{"taxonomy":"post_tag","embeddable":true,"href":"https:\/\/www.egemtv.com\/index.php?rest_route=%2Fwp%2Fv2%2Ftags&post=86573"}],"curies":[{"name":"wp","href":"https:\/\/api.w.org\/{rel}","templated":true}]}}