{"id":86570,"date":"2026-02-09T19:55:35","date_gmt":"2026-02-09T16:55:35","guid":{"rendered":"https:\/\/www.egemtv.com\/?p=86570"},"modified":"2026-02-09T19:55:36","modified_gmt":"2026-02-09T16:55:36","slug":"koycegizden-uysal-genc-sada-kuran-i-kerimi-guzel-okuma-yarismasi-il-birincisi-oldu","status":"publish","type":"post","link":"https:\/\/www.egemtv.com\/?p=86570","title":{"rendered":"K\u00f6yce\u011fiz\u2019den Uysal, &#8220;Gen\u00e7 S\u00e2da Kur\u2019an-\u0131 Kerim\u2019i G\u00fczel Okuma Yar\u0131\u015fmas\u0131&#8221; il birincisi oldu"},"content":{"rendered":"<p>Mu\u011fla\u2019n\u0131n K\u00f6yce\u011fiz il\u00e7esinden Anadolu \u0130mam Hatip Lisesi \u00f6\u011frencisi Ahmet Furkan Uysal &#8220;Gen\u00e7 S\u00e2da Kur\u2019an-\u0131 Kerim\u2019i G\u00fczel Okuma Yar\u0131\u015fmas\u0131&#8221; \u0130l birincisi olma ba\u015far\u0131s\u0131n\u0131 g\u00f6sterdi.<\/p>\n<p>Gen\u00e7 Sada Kur\u2019an-\u0131 Kerimi g\u00fczel okuma yar\u0131\u015fmas\u0131 Mu\u011fla \u0130l Finali tamamland\u0131. Mill\u00ee E\u011fitim Bakanl\u0131\u011f\u0131 Din \u00d6\u011fretimi Genel M\u00fcd\u00fcrl\u00fc\u011f\u00fc koordinesinde d\u00fczenlenen &#8220;Gen\u00e7 S\u00e2da Kur\u2019an-\u0131 Kerim\u2019i G\u00fczel Okuma Yar\u0131\u015fmas\u0131&#8221; Mu\u011fla \u0130l Finali, \u015eehit Mehmet \u00c7etin Anadolu \u0130mam Hatip Lisesinde ger\u00e7ekle\u015ftirildi. Dereceye giren \u00f6\u011frencilere \u00f6d\u00fclleri, Milli E\u011fitim M\u00fcd\u00fcr\u00fc Emre \u00c7ay ve protokol \u00fcyeleri taraf\u0131ndan takdim edildi.<\/p>\n<p>K\u00f6yce\u011fiz \u0130l\u00e7e Milli E\u011fitim M\u00fcd\u00fcrl\u00fc\u011f\u00fc taraf\u0131ndan yap\u0131lan a\u00e7\u0131klamada; &#8220;Gen\u00e7 Sada Kur\u2019an-\u0131 Kerim\u2019i G\u00fczel Okuma Yar\u0131\u015fmas\u0131\u2019nda il birincisi olarak ilimizi b\u00f6lge finalinde temsil etmeye hak kazanan K\u00f6yce\u011fiz Anadolu \u0130mam Hatip Lisesi \u00f6\u011frencimiz Ahmet Furkan Uysal\u2019\u0131 tebrik ediyor, destekleri i\u00e7in ba\u015fta dan\u0131\u015fman \u00f6\u011fretmenimiz Ahmet Selim S\u0131dar olmak \u00fczere eme\u011fi ge\u00e7en b\u00fct\u00fcn \u00f6\u011fretmenlerimize te\u015fekk\u00fcr ediyoruz&#8221; ifadeleri kullan\u0131ld\u0131.<br \/><\/p>\n","protected":false},"excerpt":{"rendered":"<p>Mu\u011fla\u2019n\u0131n K\u00f6yce\u011fiz il\u00e7esinden Anadolu \u0130mam Hatip Lisesi \u00f6\u011frencisi Ahmet Furkan Uysal &#8220;Gen\u00e7 S\u00e2da Kur\u2019an-\u0131 Kerim\u2019i G\u00fczel Okuma Yar\u0131\u015fmas\u0131&#8221; \u0130l birincisi olma ba\u015far\u0131s\u0131n\u0131 g\u00f6sterdi. Gen\u00e7 Sada Kur\u2019an-\u0131 Kerimi g\u00fczel okuma yar\u0131\u015fmas\u0131 Mu\u011fla \u0130l Finali tamamland\u0131. Mill\u00ee E\u011fitim Bakanl\u0131\u011f\u0131 Din \u00d6\u011fretimi Genel M\u00fcd\u00fcrl\u00fc\u011f\u00fc koordinesinde d\u00fczenlenen &#8220;Gen\u00e7 S\u00e2da Kur\u2019an-\u0131 Kerim\u2019i G\u00fczel Okuma Yar\u0131\u015fmas\u0131&#8221; Mu\u011fla \u0130l Finali, \u015eehit Mehmet&#8230;<\/p>\n","protected":false},"author":1,"featured_media":86571,"comment_status":"open","ping_status":"open","sticky":false,"template":"","format":"standard","meta":{"_crdt_document":"","footnotes":""},"categories":[1],"tags":[],"class_list":["post-86570","post","type-post","status-publish","format-standard","has-post-thumbnail","hentry","category-guncel"],"_links":{"self":[{"href":"https:\/\/www.egemtv.com\/index.php?rest_route=\/wp\/v2\/posts\/86570","targetHints":{"allow":["GET"]}}],"collection":[{"href":"https:\/\/www.egemtv.com\/index.php?rest_route=\/wp\/v2\/posts"}],"about":[{"href":"https:\/\/www.egemtv.com\/index.php?rest_route=\/wp\/v2\/types\/post"}],"author":[{"embeddable":true,"href":"https:\/\/www.egemtv.com\/index.php?rest_route=\/wp\/v2\/users\/1"}],"replies":[{"embeddable":true,"href":"https:\/\/www.egemtv.com\/index.php?rest_route=%2Fwp%2Fv2%2Fcomments&post=86570"}],"version-history":[{"count":1,"href":"https:\/\/www.egemtv.com\/index.php?rest_route=\/wp\/v2\/posts\/86570\/revisions"}],"predecessor-version":[{"id":86572,"href":"https:\/\/www.egemtv.com\/index.php?rest_route=\/wp\/v2\/posts\/86570\/revisions\/86572"}],"wp:featuredmedia":[{"embeddable":true,"href":"https:\/\/www.egemtv.com\/index.php?rest_route=\/wp\/v2\/media\/86571"}],"wp:attachment":[{"href":"https:\/\/www.egemtv.com\/index.php?rest_route=%2Fwp%2Fv2%2Fmedia&parent=86570"}],"wp:term":[{"taxonomy":"category","embeddable":true,"href":"https:\/\/www.egemtv.com\/index.php?rest_route=%2Fwp%2Fv2%2Fcategories&post=86570"},{"taxonomy":"post_tag","embeddable":true,"href":"https:\/\/www.egemtv.com\/index.php?rest_route=%2Fwp%2Fv2%2Ftags&post=86570"}],"curies":[{"name":"wp","href":"https:\/\/api.w.org\/{rel}","templated":true}]}}