{"id":86567,"date":"2026-02-09T19:55:34","date_gmt":"2026-02-09T16:55:34","guid":{"rendered":"https:\/\/www.egemtv.com\/?p=86567"},"modified":"2026-02-09T19:55:35","modified_gmt":"2026-02-09T16:55:35","slug":"minibusun-altina-giren-motosikletin-surucusu-agir-yaralandi","status":"publish","type":"post","link":"https:\/\/www.egemtv.com\/?p=86567","title":{"rendered":"Minib\u00fcs\u00fcn alt\u0131na giren motosikletin s\u00fcr\u00fcc\u00fcs\u00fc a\u011f\u0131r yaraland\u0131"},"content":{"rendered":"<p>Afyonkarahisar\u2019da okul servis arac\u0131n\u0131n alt\u0131na giren motosiklet par\u00e7alan\u0131rken, s\u00fcr\u00fcc\u00fc a\u011f\u0131r yaraland\u0131.<br \/>\n<br \/>Kaza, Mare\u015fal Fevzi \u00c7akmak Bulvar\u0131 \u00fczerinde meydana geldi. Edinilen bilgilere g\u00f6re, Z.T. idaresindeki 03 S 0022 plakal\u0131 okul servis arac\u0131, 34 AL 1208 plakal\u0131 motosikletle \u00e7arp\u0131\u015ft\u0131. Kazada minib\u00fcs\u00fcn alt\u0131na giren motosiklet par\u00e7alan\u0131rken, s\u00fcr\u00fcc\u00fc ise a\u011f\u0131r yaraland\u0131. \u00c7evredekilerin yard\u0131m\u0131yla arac\u0131n alt\u0131ndan \u00e7\u0131kar\u0131lan s\u00fcr\u00fcc\u00fc, olay yerine gelen ambulansla hastaneye kald\u0131r\u0131ld\u0131. S\u00fcr\u00fcc\u00fcn\u00fcn durumunun ciddiyetini korudu\u011fu bildirildi.<br \/>\n<br \/>Kazayla ilgili polis taraf\u0131ndan inceleme ba\u015flat\u0131ld\u0131.<br \/><\/p>\n","protected":false},"excerpt":{"rendered":"<p>Afyonkarahisar\u2019da okul servis arac\u0131n\u0131n alt\u0131na giren motosiklet par\u00e7alan\u0131rken, s\u00fcr\u00fcc\u00fc a\u011f\u0131r yaraland\u0131. Kaza, Mare\u015fal Fevzi \u00c7akmak Bulvar\u0131 \u00fczerinde meydana geldi. Edinilen bilgilere g\u00f6re, Z.T. idaresindeki 03 S 0022 plakal\u0131 okul servis arac\u0131, 34 AL 1208 plakal\u0131 motosikletle \u00e7arp\u0131\u015ft\u0131. Kazada minib\u00fcs\u00fcn alt\u0131na giren motosiklet par\u00e7alan\u0131rken, s\u00fcr\u00fcc\u00fc ise a\u011f\u0131r yaraland\u0131. \u00c7evredekilerin yard\u0131m\u0131yla arac\u0131n alt\u0131ndan \u00e7\u0131kar\u0131lan s\u00fcr\u00fcc\u00fc, olay yerine&#8230;<\/p>\n","protected":false},"author":1,"featured_media":86568,"comment_status":"open","ping_status":"open","sticky":false,"template":"","format":"standard","meta":{"_crdt_document":"","footnotes":""},"categories":[5],"tags":[],"class_list":["post-86567","post","type-post","status-publish","format-standard","has-post-thumbnail","hentry","category-asayis"],"_links":{"self":[{"href":"https:\/\/www.egemtv.com\/index.php?rest_route=\/wp\/v2\/posts\/86567","targetHints":{"allow":["GET"]}}],"collection":[{"href":"https:\/\/www.egemtv.com\/index.php?rest_route=\/wp\/v2\/posts"}],"about":[{"href":"https:\/\/www.egemtv.com\/index.php?rest_route=\/wp\/v2\/types\/post"}],"author":[{"embeddable":true,"href":"https:\/\/www.egemtv.com\/index.php?rest_route=\/wp\/v2\/users\/1"}],"replies":[{"embeddable":true,"href":"https:\/\/www.egemtv.com\/index.php?rest_route=%2Fwp%2Fv2%2Fcomments&post=86567"}],"version-history":[{"count":1,"href":"https:\/\/www.egemtv.com\/index.php?rest_route=\/wp\/v2\/posts\/86567\/revisions"}],"predecessor-version":[{"id":86569,"href":"https:\/\/www.egemtv.com\/index.php?rest_route=\/wp\/v2\/posts\/86567\/revisions\/86569"}],"wp:featuredmedia":[{"embeddable":true,"href":"https:\/\/www.egemtv.com\/index.php?rest_route=\/wp\/v2\/media\/86568"}],"wp:attachment":[{"href":"https:\/\/www.egemtv.com\/index.php?rest_route=%2Fwp%2Fv2%2Fmedia&parent=86567"}],"wp:term":[{"taxonomy":"category","embeddable":true,"href":"https:\/\/www.egemtv.com\/index.php?rest_route=%2Fwp%2Fv2%2Fcategories&post=86567"},{"taxonomy":"post_tag","embeddable":true,"href":"https:\/\/www.egemtv.com\/index.php?rest_route=%2Fwp%2Fv2%2Ftags&post=86567"}],"curies":[{"name":"wp","href":"https:\/\/api.w.org\/{rel}","templated":true}]}}