{"id":86564,"date":"2026-02-09T18:54:54","date_gmt":"2026-02-09T15:54:54","guid":{"rendered":"https:\/\/www.egemtv.com\/?p=86564"},"modified":"2026-02-09T18:54:55","modified_gmt":"2026-02-09T15:54:55","slug":"usak-il-tarim-ve-orman-mudurlugu-ureticilerle-sahada-bir-araya-geldi","status":"publish","type":"post","link":"https:\/\/www.egemtv.com\/?p=86564","title":{"rendered":"U\u015fak \u0130l Tar\u0131m ve Orman M\u00fcd\u00fcrl\u00fc\u011f\u00fc \u00fcreticilerle sahada bir araya geldi"},"content":{"rendered":"<p>U\u015fak \u0130l Tar\u0131m ve Orman M\u00fcd\u00fcrl\u00fc\u011f\u00fc ekipleri, il genelinde \u00fcreticileri ziyaret ederek hayvanc\u0131l\u0131k faaliyetleriyle ilgili bilgilendirme ve incelemelerde bulundu.<br \/>\n<br \/>Ger\u00e7ekle\u015ftirilen saha ziyaretlerinde hastal\u0131ktan ari i\u015fletmelerin art\u0131r\u0131lmas\u0131, hayvan sa\u011fl\u0131\u011f\u0131 ve a\u015f\u0131lama \u00e7al\u0131\u015fmalar\u0131, i\u015fletmelerde \u00fcretim durumu ile verimlilik de\u011ferlendirmeleri ele al\u0131nd\u0131. Ayr\u0131ca do\u011fru besleme, bak\u0131m ve s\u00fcr\u00fc y\u00f6netimi uygulamalar\u0131 konusunda \u00fcreticilere bilgilendirme yap\u0131ld\u0131.<br \/>\n<br \/>Ziyaretler kapsam\u0131nda verimi art\u0131rmaya y\u00f6nelik yeti\u015ftiricilik \u00f6nerileri payla\u015f\u0131l\u0131rken, kay\u0131t tutman\u0131n \u00f6nemi, s\u00fcr\u00fc takibi, biyog\u00fcvenlik kurallar\u0131 ve al\u0131nmas\u0131 gereken koruyucu \u00f6nlemler de \u00fcreticilere aktar\u0131ld\u0131. TARS\u0130M tar\u0131m sigortalar\u0131n\u0131n sundu\u011fu g\u00fcvenceler ile devlet destekleri ve ba\u015fvuru s\u00fcre\u00e7leri hakk\u0131nda da bilgilendirme yap\u0131ld\u0131.<br \/>\n<br \/>\u00d6te yandan \u0130l Tar\u0131m ve Orman M\u00fcd\u00fcrl\u00fc\u011f\u00fc ekipleri, \u00fcreticilerin taleplerini dinleyerek sahada kar\u015f\u0131la\u015f\u0131lan sorunlar\u0131 yerinde inceledi ve \u00e7\u00f6z\u00fcm yollar\u0131n\u0131 \u00fcreticilerle birlikte de\u011ferlendirdi.<br \/>\n<br \/>U\u015fak \u0130l Tar\u0131m ve Orman M\u00fcd\u00fcrl\u00fc\u011f\u00fc\u2019n\u00fcn sosyal medyas\u0131nda yap\u0131lan payla\u015f\u0131ma g\u00f6re, yap\u0131lan \u00e7al\u0131\u015fmalar\u0131n amac\u0131n\u0131n daha sa\u011fl\u0131kl\u0131 hayvanlar, daha g\u00fc\u00e7l\u00fc i\u015fletmeler ve s\u00fcrd\u00fcr\u00fclebilir bir \u00fcretim yap\u0131s\u0131 olu\u015fturmak oldu\u011funu belirterek, \u00fcreticilerin her zaman yan\u0131nda olduklar\u0131n\u0131 ifade etti.<br \/><\/p>\n","protected":false},"excerpt":{"rendered":"<p>U\u015fak \u0130l Tar\u0131m ve Orman M\u00fcd\u00fcrl\u00fc\u011f\u00fc ekipleri, il genelinde \u00fcreticileri ziyaret ederek hayvanc\u0131l\u0131k faaliyetleriyle ilgili bilgilendirme ve incelemelerde bulundu. Ger\u00e7ekle\u015ftirilen saha ziyaretlerinde hastal\u0131ktan ari i\u015fletmelerin art\u0131r\u0131lmas\u0131, hayvan sa\u011fl\u0131\u011f\u0131 ve a\u015f\u0131lama \u00e7al\u0131\u015fmalar\u0131, i\u015fletmelerde \u00fcretim durumu ile verimlilik de\u011ferlendirmeleri ele al\u0131nd\u0131. Ayr\u0131ca do\u011fru besleme, bak\u0131m ve s\u00fcr\u00fc y\u00f6netimi uygulamalar\u0131 konusunda \u00fcreticilere bilgilendirme yap\u0131ld\u0131. Ziyaretler kapsam\u0131nda verimi art\u0131rmaya&#8230;<\/p>\n","protected":false},"author":1,"featured_media":86565,"comment_status":"open","ping_status":"open","sticky":false,"template":"","format":"standard","meta":{"_crdt_document":"","footnotes":""},"categories":[1],"tags":[],"class_list":["post-86564","post","type-post","status-publish","format-standard","has-post-thumbnail","hentry","category-guncel"],"_links":{"self":[{"href":"https:\/\/www.egemtv.com\/index.php?rest_route=\/wp\/v2\/posts\/86564","targetHints":{"allow":["GET"]}}],"collection":[{"href":"https:\/\/www.egemtv.com\/index.php?rest_route=\/wp\/v2\/posts"}],"about":[{"href":"https:\/\/www.egemtv.com\/index.php?rest_route=\/wp\/v2\/types\/post"}],"author":[{"embeddable":true,"href":"https:\/\/www.egemtv.com\/index.php?rest_route=\/wp\/v2\/users\/1"}],"replies":[{"embeddable":true,"href":"https:\/\/www.egemtv.com\/index.php?rest_route=%2Fwp%2Fv2%2Fcomments&post=86564"}],"version-history":[{"count":1,"href":"https:\/\/www.egemtv.com\/index.php?rest_route=\/wp\/v2\/posts\/86564\/revisions"}],"predecessor-version":[{"id":86566,"href":"https:\/\/www.egemtv.com\/index.php?rest_route=\/wp\/v2\/posts\/86564\/revisions\/86566"}],"wp:featuredmedia":[{"embeddable":true,"href":"https:\/\/www.egemtv.com\/index.php?rest_route=\/wp\/v2\/media\/86565"}],"wp:attachment":[{"href":"https:\/\/www.egemtv.com\/index.php?rest_route=%2Fwp%2Fv2%2Fmedia&parent=86564"}],"wp:term":[{"taxonomy":"category","embeddable":true,"href":"https:\/\/www.egemtv.com\/index.php?rest_route=%2Fwp%2Fv2%2Fcategories&post=86564"},{"taxonomy":"post_tag","embeddable":true,"href":"https:\/\/www.egemtv.com\/index.php?rest_route=%2Fwp%2Fv2%2Ftags&post=86564"}],"curies":[{"name":"wp","href":"https:\/\/api.w.org\/{rel}","templated":true}]}}