{"id":86351,"date":"2026-02-09T10:14:52","date_gmt":"2026-02-09T07:14:52","guid":{"rendered":"https:\/\/www.egemtv.com\/?p=86351"},"modified":"2026-02-09T10:14:53","modified_gmt":"2026-02-09T07:14:53","slug":"annelere-bagimlilikla-mucadele-ve-afet-bilinci-semineri-verildi","status":"publish","type":"post","link":"https:\/\/www.egemtv.com\/?p=86351","title":{"rendered":"Annelere ba\u011f\u0131ml\u0131l\u0131kla m\u00fccadele ve afet bilinci semineri verildi"},"content":{"rendered":"<p>Denizli B\u00fcy\u00fck\u015fehir Belediyesi Karaman Sosyal Etkinlik Merkezi\u2019nde d\u00fczenlenen seminerde, annelerin ba\u011f\u0131ml\u0131l\u0131kla m\u00fccadeledeki rol\u00fc ve afetlere haz\u0131rl\u0131\u011f\u0131n \u00f6nemi ele al\u0131nd\u0131; Emniyet, AFAD ve Kent Konseyi i\u015f birli\u011fiyle toplum sa\u011fl\u0131\u011f\u0131 ve g\u00fcvenli\u011fi i\u00e7in fark\u0131ndal\u0131k \u00e7a\u011fr\u0131s\u0131 yap\u0131ld\u0131.<\/p>\n<p>Karaman Sosyal Etkinlik Merkezi\u2019nde ger\u00e7ekle\u015ftirilen &#8220;Narkotik Anne ve Afetlere Y\u00f6nelik Fark\u0131ndal\u0131k&#8221; seminerine; Denizli Emniyet M\u00fcd\u00fcrl\u00fc\u011f\u00fc Narkotik Su\u00e7larla M\u00fccadele \u015eube M\u00fcd\u00fcrl\u00fc\u011f\u00fc, Denizli \u0130l Afet ve Acil Durum M\u00fcd\u00fcrl\u00fc\u011f\u00fc (AFAD) ve Denizli B\u00fcy\u00fck\u015fehir Belediyesi Sosyal Etkinlik Merkezleri destek verdi. Etkinli\u011fe, Denizli B\u00fcy\u00fck\u015fehir Belediye Ba\u015fkan Vekili ve Kent Konseyi Ba\u015fkan\u0131 Ali Mar\u0131m, DBB K\u00fclt\u00fcr, Sanat ve Sosyal \u0130\u015fler Dairesi Ba\u015fkan\u0131 Mehmet Sel\u00e7uk ve Kent Konseyi Kad\u0131n Meclisi Ba\u015fkan\u0131 Meral Alten\u2019in yan\u0131 s\u0131ra \u00e7ok say\u0131da vatanda\u015f kat\u0131ld\u0131.<\/p>\n<p>&#8220;Annelerimizin toplumdaki rol\u00fc \u00e7ok \u00f6nemli&#8221;<br \/>\n<br \/>Etkinlikte konu\u015fan Kent Konseyi Ba\u015fkan\u0131 Ali Mar\u0131m, g\u00fcvenli bir gelecek in\u015fa etmenin yolunun fark\u0131ndal\u0131k ve e\u011fitimden ge\u00e7ti\u011fi vurgulad\u0131. Bu e\u011fitimlerin toplumun en k\u00fc\u00e7\u00fck birimi olan aileden ba\u015flad\u0131\u011f\u0131n\u0131 ve \u00f6zellikle kad\u0131nlar\u0131n bu s\u00fcre\u00e7teki rol\u00fcn\u00fcn kritik oldu\u011funu ifade eden Mar\u0131m, toplumun temel ta\u015f\u0131 olan kad\u0131nlar\u0131n ve annelerin bilgilendirilmesinin, \u015fehrin genel huzuru \u00fczerindeki etkisine dikkat \u00e7ekti.<\/p>\n<p>Ba\u011f\u0131ml\u0131l\u0131kla m\u00fccadele ve afet bilinci ele al\u0131nd\u0131<br \/>\n<br \/>Program kapsam\u0131nda uzmanlar iki ana ba\u015fl\u0131k \u00fczerinde detayl\u0131 sunumlar ger\u00e7ekle\u015ftirdi. Denizli Emniyet M\u00fcd\u00fcrl\u00fc\u011f\u00fc Narkotik \u015eube uzmanlar\u0131, annelerin \u00e7ocuklar\u0131 \u00fczerindeki g\u00f6zlem g\u00fcc\u00fcn\u00fcn uyu\u015fturucuyla m\u00fccadelede en b\u00fcy\u00fck g\u00fc\u00e7 oldu\u011funu belirtti. Madde ba\u011f\u0131ml\u0131l\u0131\u011f\u0131n\u0131n belirtileri, korunma yollar\u0131 ve erken m\u00fcdahalenin hayati \u00f6nemi anlat\u0131ld\u0131. AFAD e\u011fitmenleri ise deprem ku\u015fa\u011f\u0131nda yer alan Denizli i\u00e7in b\u00fcy\u00fck \u00f6nem ta\u015f\u0131yan &#8220;afet \u00f6ncesi, s\u0131ras\u0131 ve sonras\u0131&#8221; haz\u0131rl\u0131klar hakk\u0131nda bilgi verdi. Kat\u0131l\u0131mc\u0131lara afet \u00e7antas\u0131n\u0131n \u00f6nemi ve do\u011fru tahliye y\u00f6ntemleri uygulamal\u0131 \u00f6rneklerle aktar\u0131ld\u0131.<\/p>\n<p>&#8220;Narkotik Anne&#8221; projesi, uyu\u015fturucu kullan\u0131m\u0131n\u0131 hen\u00fcz ba\u015flamadan engellemeyi hedeflerken; AFAD e\u011fitimleri ise her t\u00fcrl\u00fc felakete kar\u015f\u0131 diren\u00e7li bir toplum olu\u015fturmay\u0131 ama\u00e7l\u0131yor.<br \/><\/p>\n","protected":false},"excerpt":{"rendered":"<p>Denizli B\u00fcy\u00fck\u015fehir Belediyesi Karaman Sosyal Etkinlik Merkezi\u2019nde d\u00fczenlenen seminerde, annelerin ba\u011f\u0131ml\u0131l\u0131kla m\u00fccadeledeki rol\u00fc ve afetlere haz\u0131rl\u0131\u011f\u0131n \u00f6nemi ele al\u0131nd\u0131; Emniyet, AFAD ve Kent Konseyi i\u015f birli\u011fiyle toplum sa\u011fl\u0131\u011f\u0131 ve g\u00fcvenli\u011fi i\u00e7in fark\u0131ndal\u0131k \u00e7a\u011fr\u0131s\u0131 yap\u0131ld\u0131. Karaman Sosyal Etkinlik Merkezi\u2019nde ger\u00e7ekle\u015ftirilen &#8220;Narkotik Anne ve Afetlere Y\u00f6nelik Fark\u0131ndal\u0131k&#8221; seminerine; Denizli Emniyet M\u00fcd\u00fcrl\u00fc\u011f\u00fc Narkotik Su\u00e7larla M\u00fccadele \u015eube M\u00fcd\u00fcrl\u00fc\u011f\u00fc, Denizli&#8230;<\/p>\n","protected":false},"author":1,"featured_media":86352,"comment_status":"open","ping_status":"open","sticky":false,"template":"","format":"standard","meta":{"_crdt_document":"","footnotes":""},"categories":[123],"tags":[],"class_list":["post-86351","post","type-post","status-publish","format-standard","has-post-thumbnail","hentry","category-gundem"],"_links":{"self":[{"href":"https:\/\/www.egemtv.com\/index.php?rest_route=\/wp\/v2\/posts\/86351","targetHints":{"allow":["GET"]}}],"collection":[{"href":"https:\/\/www.egemtv.com\/index.php?rest_route=\/wp\/v2\/posts"}],"about":[{"href":"https:\/\/www.egemtv.com\/index.php?rest_route=\/wp\/v2\/types\/post"}],"author":[{"embeddable":true,"href":"https:\/\/www.egemtv.com\/index.php?rest_route=\/wp\/v2\/users\/1"}],"replies":[{"embeddable":true,"href":"https:\/\/www.egemtv.com\/index.php?rest_route=%2Fwp%2Fv2%2Fcomments&post=86351"}],"version-history":[{"count":1,"href":"https:\/\/www.egemtv.com\/index.php?rest_route=\/wp\/v2\/posts\/86351\/revisions"}],"predecessor-version":[{"id":86353,"href":"https:\/\/www.egemtv.com\/index.php?rest_route=\/wp\/v2\/posts\/86351\/revisions\/86353"}],"wp:featuredmedia":[{"embeddable":true,"href":"https:\/\/www.egemtv.com\/index.php?rest_route=\/wp\/v2\/media\/86352"}],"wp:attachment":[{"href":"https:\/\/www.egemtv.com\/index.php?rest_route=%2Fwp%2Fv2%2Fmedia&parent=86351"}],"wp:term":[{"taxonomy":"category","embeddable":true,"href":"https:\/\/www.egemtv.com\/index.php?rest_route=%2Fwp%2Fv2%2Fcategories&post=86351"},{"taxonomy":"post_tag","embeddable":true,"href":"https:\/\/www.egemtv.com\/index.php?rest_route=%2Fwp%2Fv2%2Ftags&post=86351"}],"curies":[{"name":"wp","href":"https:\/\/api.w.org\/{rel}","templated":true}]}}