{"id":86348,"date":"2026-02-09T10:14:51","date_gmt":"2026-02-09T07:14:51","guid":{"rendered":"https:\/\/www.egemtv.com\/?p=86348"},"modified":"2026-02-09T10:14:52","modified_gmt":"2026-02-09T07:14:52","slug":"denizlide-sofralari-guvene-almak-icin-21-binden-fazla-gida-denetimi-gerceklestirildi","status":"publish","type":"post","link":"https:\/\/www.egemtv.com\/?p=86348","title":{"rendered":"Denizli\u2019de sofralar\u0131 g\u00fcvene almak i\u00e7in 21 binden fazla g\u0131da denetimi ger\u00e7ekle\u015ftirildi"},"content":{"rendered":"<p>Denizli \u0130l Tar\u0131m ve Orman M\u00fcd\u00fcrl\u00fc\u011f\u00fc, 2025 y\u0131l\u0131nda &#8220;G\u00fcvenilir G\u0131da&#8221; mottosuyla y\u00fcr\u00fctt\u00fc\u011f\u00fc \u00e7al\u0131\u015fmalarda 21 bin 506 denetim ger\u00e7ekle\u015ftirirken, mevzuata ayk\u0131r\u0131 faaliyet g\u00f6steren i\u015fletmelere 581 idari yapt\u0131r\u0131m uygulad\u0131.<\/p>\n<p>Denizli \u0130l Tar\u0131m ve Orman M\u00fcd\u00fcrl\u00fc\u011f\u00fc, 2025 y\u0131l\u0131 faaliyet raporunu kamuoyuyla payla\u015ft\u0131. 167 ki\u015filik kontrol ve denetim kadrosuyla y\u0131l boyunca sahada g\u00f6rev yapan ekipler, \u00fcretimden t\u00fcketime kadar g\u0131dan\u0131n her a\u015famas\u0131n\u0131 mercek alt\u0131na ald\u0131. \u0130l genelinde ger\u00e7ekle\u015ftirilen denetimlerde riskli g\u00f6r\u00fclen \u00fcr\u00fcnlerden 769 numune al\u0131narak laboratuvarlarda analiz edildi, uygunsuz bulunan 20 \u00fcr\u00fcn kamuoyuna duyurularak t\u00fcketimi engellendi. \u0130l M\u00fcd\u00fcrl\u00fc\u011f\u00fc\u2019n\u00fcn \u00e7al\u0131\u015fmalar\u0131 ihracat rakamlar\u0131na da yans\u0131d\u0131. 2025 y\u0131l\u0131nda 3 bin 238 ihracat sertifikas\u0131 d\u00fczenlenirken, 44 bin 708 ton g\u0131da \u00fcr\u00fcn\u00fcn\u00fcn yurt d\u0131\u015f\u0131na g\u00f6nderilmesine onay verildi. Ayr\u0131ca 585 yem i\u015fletmesi denetlenerek hayvansal \u00fcretimde kalite ve g\u00fcvenilirlik sa\u011fland\u0131. Denetimlerin yan\u0131 s\u0131ra e\u011fitim faaliyetlerine de a\u011f\u0131rl\u0131k veren \u0130l M\u00fcd\u00fcrl\u00fc\u011f\u00fc, 31 okulda d\u00fczenlenen programlarla 1.968 \u00f6\u011frenciye g\u0131da okuryazarl\u0131\u011f\u0131 ve g\u00fcvenilir g\u0131da t\u00fcketimi konular\u0131nda e\u011fitim verdi. M\u00fcd\u00fcrl\u00fckten yap\u0131lan a\u00e7\u0131klamada, &#8220;Halk\u0131m\u0131z\u0131n sa\u011fl\u0131\u011f\u0131 k\u0131rm\u0131z\u0131 \u00e7izgimizdir. 2026 y\u0131l\u0131nda da tarladan sofraya kadar g\u0131dan\u0131n her a\u015famas\u0131n\u0131 kararl\u0131l\u0131kla takip edece\u011fiz&#8221; ifadelerine yer verildi.<br \/><\/p>\n","protected":false},"excerpt":{"rendered":"<p>Denizli \u0130l Tar\u0131m ve Orman M\u00fcd\u00fcrl\u00fc\u011f\u00fc, 2025 y\u0131l\u0131nda &#8220;G\u00fcvenilir G\u0131da&#8221; mottosuyla y\u00fcr\u00fctt\u00fc\u011f\u00fc \u00e7al\u0131\u015fmalarda 21 bin 506 denetim ger\u00e7ekle\u015ftirirken, mevzuata ayk\u0131r\u0131 faaliyet g\u00f6steren i\u015fletmelere 581 idari yapt\u0131r\u0131m uygulad\u0131. Denizli \u0130l Tar\u0131m ve Orman M\u00fcd\u00fcrl\u00fc\u011f\u00fc, 2025 y\u0131l\u0131 faaliyet raporunu kamuoyuyla payla\u015ft\u0131. 167 ki\u015filik kontrol ve denetim kadrosuyla y\u0131l boyunca sahada g\u00f6rev yapan ekipler, \u00fcretimden t\u00fcketime kadar g\u0131dan\u0131n&#8230;<\/p>\n","protected":false},"author":1,"featured_media":86349,"comment_status":"open","ping_status":"open","sticky":false,"template":"","format":"standard","meta":{"_crdt_document":"","footnotes":""},"categories":[1],"tags":[],"class_list":["post-86348","post","type-post","status-publish","format-standard","has-post-thumbnail","hentry","category-guncel"],"_links":{"self":[{"href":"https:\/\/www.egemtv.com\/index.php?rest_route=\/wp\/v2\/posts\/86348","targetHints":{"allow":["GET"]}}],"collection":[{"href":"https:\/\/www.egemtv.com\/index.php?rest_route=\/wp\/v2\/posts"}],"about":[{"href":"https:\/\/www.egemtv.com\/index.php?rest_route=\/wp\/v2\/types\/post"}],"author":[{"embeddable":true,"href":"https:\/\/www.egemtv.com\/index.php?rest_route=\/wp\/v2\/users\/1"}],"replies":[{"embeddable":true,"href":"https:\/\/www.egemtv.com\/index.php?rest_route=%2Fwp%2Fv2%2Fcomments&post=86348"}],"version-history":[{"count":1,"href":"https:\/\/www.egemtv.com\/index.php?rest_route=\/wp\/v2\/posts\/86348\/revisions"}],"predecessor-version":[{"id":86350,"href":"https:\/\/www.egemtv.com\/index.php?rest_route=\/wp\/v2\/posts\/86348\/revisions\/86350"}],"wp:featuredmedia":[{"embeddable":true,"href":"https:\/\/www.egemtv.com\/index.php?rest_route=\/wp\/v2\/media\/86349"}],"wp:attachment":[{"href":"https:\/\/www.egemtv.com\/index.php?rest_route=%2Fwp%2Fv2%2Fmedia&parent=86348"}],"wp:term":[{"taxonomy":"category","embeddable":true,"href":"https:\/\/www.egemtv.com\/index.php?rest_route=%2Fwp%2Fv2%2Fcategories&post=86348"},{"taxonomy":"post_tag","embeddable":true,"href":"https:\/\/www.egemtv.com\/index.php?rest_route=%2Fwp%2Fv2%2Ftags&post=86348"}],"curies":[{"name":"wp","href":"https:\/\/api.w.org\/{rel}","templated":true}]}}