{"id":86345,"date":"2026-02-09T10:14:50","date_gmt":"2026-02-09T07:14:50","guid":{"rendered":"https:\/\/www.egemtv.com\/?p=86345"},"modified":"2026-02-09T10:14:51","modified_gmt":"2026-02-09T07:14:51","slug":"sultanhisarda-ekipler-yagis-sonrasi-sahada","status":"publish","type":"post","link":"https:\/\/www.egemtv.com\/?p=86345","title":{"rendered":"Sultanhisar\u2019da ekipler ya\u011f\u0131\u015f sonras\u0131 sahada"},"content":{"rendered":"<p>Ayd\u0131n\u2019\u0131n Sultanhisar il\u00e7esinde sa\u011fanak ya\u011fmurdan olumsuz etkilenen b\u00f6lgelerde belediye ekiplerinin \u00e7al\u0131\u015fmalar\u0131 s\u00fcr\u00fcyor.<\/p>\n<p>Sultanhisar il\u00e7esi genelinde devam eden sa\u011fanak ya\u011f\u0131\u015flar baz\u0131 b\u00f6lgelerde hayat\u0131 olumsuz etkiledi. Ya\u011f\u0131\u015f sonras\u0131 olumsuzluk ya\u015fanan b\u00f6lgelerde belediye ekipleri \u00e7al\u0131\u015fma ba\u015flatt\u0131. Sultanhisar Belediye Ba\u015fkan\u0131 Osman Y\u0131ld\u0131r\u0131mkaya konu ile ilgili olarak yapt\u0131\u011f\u0131 a\u00e7\u0131klamada, &#8220;\u0130l\u00e7emiz genelinde hava \u015fartlar\u0131ndan kaynaklanan sorunlar\u0131 ekiplerimizle birlikte yerinde inceliyor, vatanda\u015flar\u0131m\u0131z\u0131n ma\u011fduriyet ya\u015famamas\u0131 i\u00e7in \u00e7al\u0131\u015fmalar\u0131m\u0131z\u0131 aral\u0131ks\u0131z s\u00fcrd\u00fcr\u00fcyoruz&#8221; dedi.<br \/><\/p>\n","protected":false},"excerpt":{"rendered":"<p>Ayd\u0131n\u2019\u0131n Sultanhisar il\u00e7esinde sa\u011fanak ya\u011fmurdan olumsuz etkilenen b\u00f6lgelerde belediye ekiplerinin \u00e7al\u0131\u015fmalar\u0131 s\u00fcr\u00fcyor. Sultanhisar il\u00e7esi genelinde devam eden sa\u011fanak ya\u011f\u0131\u015flar baz\u0131 b\u00f6lgelerde hayat\u0131 olumsuz etkiledi. Ya\u011f\u0131\u015f sonras\u0131 olumsuzluk ya\u015fanan b\u00f6lgelerde belediye ekipleri \u00e7al\u0131\u015fma ba\u015flatt\u0131. Sultanhisar Belediye Ba\u015fkan\u0131 Osman Y\u0131ld\u0131r\u0131mkaya konu ile ilgili olarak yapt\u0131\u011f\u0131 a\u00e7\u0131klamada, &#8220;\u0130l\u00e7emiz genelinde hava \u015fartlar\u0131ndan kaynaklanan sorunlar\u0131 ekiplerimizle birlikte yerinde inceliyor, vatanda\u015flar\u0131m\u0131z\u0131n&#8230;<\/p>\n","protected":false},"author":1,"featured_media":86346,"comment_status":"open","ping_status":"open","sticky":false,"template":"","format":"standard","meta":{"_crdt_document":"","footnotes":""},"categories":[1],"tags":[],"class_list":["post-86345","post","type-post","status-publish","format-standard","has-post-thumbnail","hentry","category-guncel"],"_links":{"self":[{"href":"https:\/\/www.egemtv.com\/index.php?rest_route=\/wp\/v2\/posts\/86345","targetHints":{"allow":["GET"]}}],"collection":[{"href":"https:\/\/www.egemtv.com\/index.php?rest_route=\/wp\/v2\/posts"}],"about":[{"href":"https:\/\/www.egemtv.com\/index.php?rest_route=\/wp\/v2\/types\/post"}],"author":[{"embeddable":true,"href":"https:\/\/www.egemtv.com\/index.php?rest_route=\/wp\/v2\/users\/1"}],"replies":[{"embeddable":true,"href":"https:\/\/www.egemtv.com\/index.php?rest_route=%2Fwp%2Fv2%2Fcomments&post=86345"}],"version-history":[{"count":1,"href":"https:\/\/www.egemtv.com\/index.php?rest_route=\/wp\/v2\/posts\/86345\/revisions"}],"predecessor-version":[{"id":86347,"href":"https:\/\/www.egemtv.com\/index.php?rest_route=\/wp\/v2\/posts\/86345\/revisions\/86347"}],"wp:featuredmedia":[{"embeddable":true,"href":"https:\/\/www.egemtv.com\/index.php?rest_route=\/wp\/v2\/media\/86346"}],"wp:attachment":[{"href":"https:\/\/www.egemtv.com\/index.php?rest_route=%2Fwp%2Fv2%2Fmedia&parent=86345"}],"wp:term":[{"taxonomy":"category","embeddable":true,"href":"https:\/\/www.egemtv.com\/index.php?rest_route=%2Fwp%2Fv2%2Fcategories&post=86345"},{"taxonomy":"post_tag","embeddable":true,"href":"https:\/\/www.egemtv.com\/index.php?rest_route=%2Fwp%2Fv2%2Ftags&post=86345"}],"curies":[{"name":"wp","href":"https:\/\/api.w.org\/{rel}","templated":true}]}}