{"id":86342,"date":"2026-02-09T09:54:49","date_gmt":"2026-02-09T06:54:49","guid":{"rendered":"https:\/\/www.egemtv.com\/?p=86342"},"modified":"2026-02-09T09:54:50","modified_gmt":"2026-02-09T06:54:50","slug":"kutahyadaki-sus-tavuklari-acik-artirmayla-satildi","status":"publish","type":"post","link":"https:\/\/www.egemtv.com\/?p=86342","title":{"rendered":"K\u00fctahya\u2019daki s\u00fcs tavuklar\u0131 a\u00e7\u0131k art\u0131rmayla sat\u0131ld\u0131"},"content":{"rendered":"<p>K\u00fctahya\u2019da d\u00fczenlenen s\u00fcs tavu\u011fu mezad\u0131 \u00e7evre illerden gelen yeti\u015ftirici ve merakl\u0131lar\u0131 bulu\u015fturdu. A\u00e7\u0131k art\u0131rma usul\u00fcyle ger\u00e7ekle\u015ftirilen mezatta s\u00fcs tavuklar\u0131 al\u0131c\u0131 buldu.<br \/>\n<br \/>Eski\u015fehir, Bursa, Gediz, Tav\u015fanl\u0131 ve Emet gibi il ve il\u00e7elerden \u00e7ok say\u0131da yeti\u015ftiricinin kat\u0131l\u0131m sa\u011flad\u0131\u011f\u0131 etkinlik hakk\u0131nda bilgi veren K\u00fctahya S\u00fcs Tavuklar\u0131 Yeti\u015ftiricileri Ba\u015fkan\u0131 Yal\u00e7\u0131n Deneri, ama\u00e7lar\u0131n\u0131n daha bilin\u00e7li \u00fcretimi te\u015fvik etmek ve s\u00fcs tavuklar\u0131n\u0131n tan\u0131t\u0131m\u0131n\u0131 sa\u011flamak oldu\u011funu belirtti Deneri, &#8220;Her zaman oldu\u011fu gibi burada bir \u015fenlik havas\u0131nda al\u0131c\u0131yla sat\u0131c\u0131y\u0131 bulu\u015fturuyoruz. Herkes gelsin, \u00e7ay\u0131n\u0131 kahvesini i\u00e7sin. Burada gen\u00e7 arkada\u015flar\u0131m\u0131z\u0131 k\u00f6t\u00fc al\u0131\u015fkanl\u0131klardan uzak tutmaya \u00e7al\u0131\u015f\u0131yoruz. G\u00f6rd\u00fc\u011f\u00fcn\u00fcz gibi kalabal\u0131k bir ortam var. Bug\u00fcne kadar depremzedelere de, ihtiya\u00e7 sahibi insanlara da elimizden geldi\u011fince yard\u0131m ettik&#8221; dedi.<br \/>\n<br \/>Mezat organizasyonunda herhangi bir ticari kazan\u00e7 amac\u0131 g\u00fctmediklerini vurgulayan Deneri, yaln\u0131zca organizasyon giderleri i\u00e7in c\u00fczi bir \u00fccret al\u0131nd\u0131\u011f\u0131n\u0131 s\u00f6yledi.<br \/>\n<br \/>Deneri, s\u00fcs tavuklar\u0131n\u0131n ciddi bir ekonomik de\u011fer olu\u015fturdu\u011funa da dikkat \u00e7ekerek, &#8220;Burada hayvanlar 5 bin liraya da sat\u0131l\u0131yor, 10 bin liraya da sat\u0131l\u0131yor. Ge\u00e7ti\u011fimiz hafta 8 bin 500 liraya sat\u0131lan hayvan\u0131m\u0131z oldu. \u00dcretici arkada\u015flar\u0131m\u0131z bu i\u015fe b\u00fcy\u00fck \u00f6zen g\u00f6steriyor&#8221; diye konu\u015ftu.<br \/>\n<br \/>Sekt\u00f6r\u00fcn daha sa\u011fl\u0131kl\u0131 \u015fartlarda s\u00fcrd\u00fcr\u00fclebilmesi i\u00e7in destek talep ettiklerini dile getiren Yal\u00e7\u0131n Deneri, &#8220;Bizim iste\u011fimiz sesimizin duyulmas\u0131. Bir pazar yerimiz olsun, bir dernek yerimiz olsun. Ba\u015fka bir talebimiz yok. Belediye ba\u015fkan\u0131m\u0131z\u0131n da bu konuda arkam\u0131zda durmas\u0131n\u0131 istiyoruz&#8221; ifadelerini kulland\u0131.<br \/>\n<br \/>Mezada yo\u011fun kat\u0131l\u0131m oldu\u011funu belirten Deneri, K\u00fctahya\u2019n\u0131n s\u00fcs tavu\u011fu yeti\u015ftiricili\u011finde \u00f6nemli bir merkez haline geldi\u011fini s\u00f6yleyerek, &#8220;Eski\u015fehir\u2019den, Bursa\u2019dan, Gediz\u2019den, Tav\u015fanl\u0131\u2019dan, Emet\u2019ten gelen arkada\u015flar\u0131m\u0131z var. Bu kadar farkl\u0131 yerden insan\u0131n bir araya gelmesi \u00e7ok k\u0131ymetli. \u00d6nemli olan arkada\u015f\u00e7a ve sa\u011fl\u0131kl\u0131 bir ortamda bir arada kalabilmek&#8221; dedi.<br \/><\/p>\n","protected":false},"excerpt":{"rendered":"<p>K\u00fctahya\u2019da d\u00fczenlenen s\u00fcs tavu\u011fu mezad\u0131 \u00e7evre illerden gelen yeti\u015ftirici ve merakl\u0131lar\u0131 bulu\u015fturdu. A\u00e7\u0131k art\u0131rma usul\u00fcyle ger\u00e7ekle\u015ftirilen mezatta s\u00fcs tavuklar\u0131 al\u0131c\u0131 buldu. Eski\u015fehir, Bursa, Gediz, Tav\u015fanl\u0131 ve Emet gibi il ve il\u00e7elerden \u00e7ok say\u0131da yeti\u015ftiricinin kat\u0131l\u0131m sa\u011flad\u0131\u011f\u0131 etkinlik hakk\u0131nda bilgi veren K\u00fctahya S\u00fcs Tavuklar\u0131 Yeti\u015ftiricileri Ba\u015fkan\u0131 Yal\u00e7\u0131n Deneri, ama\u00e7lar\u0131n\u0131n daha bilin\u00e7li \u00fcretimi te\u015fvik etmek ve s\u00fcs&#8230;<\/p>\n","protected":false},"author":1,"featured_media":86343,"comment_status":"open","ping_status":"open","sticky":false,"template":"","format":"standard","meta":{"_crdt_document":"","footnotes":""},"categories":[123],"tags":[],"class_list":["post-86342","post","type-post","status-publish","format-standard","has-post-thumbnail","hentry","category-gundem"],"_links":{"self":[{"href":"https:\/\/www.egemtv.com\/index.php?rest_route=\/wp\/v2\/posts\/86342","targetHints":{"allow":["GET"]}}],"collection":[{"href":"https:\/\/www.egemtv.com\/index.php?rest_route=\/wp\/v2\/posts"}],"about":[{"href":"https:\/\/www.egemtv.com\/index.php?rest_route=\/wp\/v2\/types\/post"}],"author":[{"embeddable":true,"href":"https:\/\/www.egemtv.com\/index.php?rest_route=\/wp\/v2\/users\/1"}],"replies":[{"embeddable":true,"href":"https:\/\/www.egemtv.com\/index.php?rest_route=%2Fwp%2Fv2%2Fcomments&post=86342"}],"version-history":[{"count":1,"href":"https:\/\/www.egemtv.com\/index.php?rest_route=\/wp\/v2\/posts\/86342\/revisions"}],"predecessor-version":[{"id":86344,"href":"https:\/\/www.egemtv.com\/index.php?rest_route=\/wp\/v2\/posts\/86342\/revisions\/86344"}],"wp:featuredmedia":[{"embeddable":true,"href":"https:\/\/www.egemtv.com\/index.php?rest_route=\/wp\/v2\/media\/86343"}],"wp:attachment":[{"href":"https:\/\/www.egemtv.com\/index.php?rest_route=%2Fwp%2Fv2%2Fmedia&parent=86342"}],"wp:term":[{"taxonomy":"category","embeddable":true,"href":"https:\/\/www.egemtv.com\/index.php?rest_route=%2Fwp%2Fv2%2Fcategories&post=86342"},{"taxonomy":"post_tag","embeddable":true,"href":"https:\/\/www.egemtv.com\/index.php?rest_route=%2Fwp%2Fv2%2Ftags&post=86342"}],"curies":[{"name":"wp","href":"https:\/\/api.w.org\/{rel}","templated":true}]}}