{"id":86339,"date":"2026-02-09T09:54:49","date_gmt":"2026-02-09T06:54:49","guid":{"rendered":"https:\/\/www.egemtv.com\/?p=86339"},"modified":"2026-02-09T09:54:49","modified_gmt":"2026-02-09T06:54:49","slug":"cazin-afisi-ieulu-gizemden","status":"publish","type":"post","link":"https:\/\/www.egemtv.com\/?p=86339","title":{"rendered":"Caz\u0131n afi\u015fi \u0130E\u00dc\u2019l\u00fc Gizem\u2019den"},"content":{"rendered":"<p>\u0130zmir Ekonomi \u00dcniversitesi (\u0130E\u00dc) \u00f6\u011frencisi Gizem Sava\u015f, \u0130zmir K\u00fclt\u00fcr Sanat ve E\u011fitim Vakf\u0131 (\u0130KSEV) taraf\u0131ndan, T\u00fcrkiye genelinden 552 tasar\u0131m\u0131n kat\u0131l\u0131m\u0131yla d\u00fczenlenen 23\u2019\u00fcnc\u00fc Caz Afi\u015fi Yar\u0131\u015fmas\u0131\u2019nda birincilik elde etti.<br \/>\n<br \/>\u0130E\u00dc Meslek Y\u00fcksekokulu Grafik Tasar\u0131m Program\u0131\u2019ndan mezun olduktan sonra y\u00fcksek not ortalamas\u0131 sayesinde dikey ge\u00e7i\u015f yapt\u0131\u011f\u0131 G\u00fczel Sanatlar ve Tasar\u0131m Fak\u00fcltesi G\u00f6rsel \u0130leti\u015fim Tasar\u0131m\u0131 B\u00f6l\u00fcm\u00fc\u2019nde e\u011fitimini s\u00fcrd\u00fcren Gizem Sava\u015f, yar\u0131\u015fma i\u00e7in yakla\u015f\u0131k 1 ay s\u00fcren haz\u0131rl\u0131k s\u00fcreci ge\u00e7irdi. Daha \u00f6nce yar\u0131\u015fmalarda genellikle ill\u00fcstrasyon \u00e7izimli tasar\u0131mlar\u0131n \u00f6n plana \u00e7\u0131kt\u0131\u011f\u0131n\u0131 g\u00f6ren Sava\u015f, bu sefer de\u011fi\u015fik bir bak\u0131\u015f a\u00e7\u0131s\u0131 se\u00e7erek soyut kavramlara odakland\u0131. Sade ve ak\u0131lda kal\u0131c\u0131 bir afi\u015f tasar\u0131m\u0131 i\u00e7in \u00e7al\u0131\u015fan Sava\u015f, emeklerinin kar\u015f\u0131l\u0131\u011f\u0131n\u0131 birincili\u011fe ula\u015farak ald\u0131. Sava\u015f\u2019\u0131n \u00e7al\u0131\u015fmas\u0131, 33. \u0130zmir Avrupa Caz Festivali\u2019nin afi\u015fi olarak se\u00e7ildi.<\/p>\n<p>&#8220;Kendime g\u00fcvendim&#8221;<br \/>\n<br \/>Birincili\u011fe ula\u015ft\u0131\u011f\u0131 i\u00e7in gururlu oldu\u011funu ifade eden Sava\u015f, &#8220;Tasar\u0131m \u00fcretirken \u00e7o\u011fu ki\u015finin en b\u00fcy\u00fck s\u0131nav\u0131, kendi fikrine g\u00fcvenmek olur. \u00c7\u00fcnk\u00fc ortaya koydu\u011funuz \u015fey sadece teknik bir i\u015f de\u011fil; bak\u0131\u015f a\u00e7\u0131n\u0131z, sezgileriniz ve d\u00fcnyay\u0131 alg\u0131lama bi\u00e7iminizdir. 23\u2019\u00fcnc\u00fc Caz Afi\u015fi Yar\u0131\u015fmas\u0131\u2019nda birincilik elde etmek, benim i\u00e7in \u00e7ok anlaml\u0131. Kariyerimdeki ilk \u00f6d\u00fcl\u00fcm olmas\u0131, bu duyguyu daha da b\u00fcy\u00fctt\u00fc. Caz\u0131n, kendine \u00f6zg\u00fc bir ritmi, do\u011fa\u00e7lamas\u0131, \u00f6zg\u00fcrl\u00fc\u011f\u00fc ve s\u00fcrprizi var. Ben de bu ruhu soyut ve sade bir dille yakalamak istedim&#8221; ifadelerini kulland\u0131.<\/p>\n<p>&#8220;Motivasyonumu daha da art\u0131rd\u0131&#8221;<br \/>\n<br \/>Bu ba\u015far\u0131n\u0131n, gelece\u011fe ili\u015fkin motivasyonunu daha da art\u0131rd\u0131\u011f\u0131n\u0131 s\u00f6yleyen Sava\u015f, &#8220;\u015eu anda zaten \u00f6zel bir \u015firkette, g\u00f6rsel tasar\u0131m uzman\u0131 olarak \u00e7al\u0131\u015f\u0131yorum. E\u011fitimimi ve \u00e7al\u0131\u015fma hayat\u0131m\u0131 bir arada s\u00fcrd\u00fcr\u00fcyorum. Bundan sonra hedefim, \u00fcretimlerimi daha g\u00f6r\u00fcn\u00fcr k\u0131lmak; daha fazla yar\u0131\u015fmaya kat\u0131lmak, portfolyomu g\u00fc\u00e7lendirmek ve tasar\u0131m d\u00fcnyas\u0131nda kendi imzam\u0131 ta\u015f\u0131yan i\u015fler \u00fcretmek. Birincilik; sonu\u00e7 olman\u0131n yan\u0131 s\u0131ra benim i\u00e7in bir \u2018ba\u015flang\u0131\u00e7\u2019 hissi olu\u015fturdu. \u0130zmir Ekonomi \u00dcniversitesi\u2019nde ald\u0131\u011f\u0131m e\u011fitimin bu s\u00fcre\u00e7te \u00e7ok belirleyici oldu\u011funu da \u00f6zellikle s\u00f6ylemek isterim&#8221; dedi.<br \/><\/p>\n","protected":false},"excerpt":{"rendered":"<p>\u0130zmir Ekonomi \u00dcniversitesi (\u0130E\u00dc) \u00f6\u011frencisi Gizem Sava\u015f, \u0130zmir K\u00fclt\u00fcr Sanat ve E\u011fitim Vakf\u0131 (\u0130KSEV) taraf\u0131ndan, T\u00fcrkiye genelinden 552 tasar\u0131m\u0131n kat\u0131l\u0131m\u0131yla d\u00fczenlenen 23\u2019\u00fcnc\u00fc Caz Afi\u015fi Yar\u0131\u015fmas\u0131\u2019nda birincilik elde etti. \u0130E\u00dc Meslek Y\u00fcksekokulu Grafik Tasar\u0131m Program\u0131\u2019ndan mezun olduktan sonra y\u00fcksek not ortalamas\u0131 sayesinde dikey ge\u00e7i\u015f yapt\u0131\u011f\u0131 G\u00fczel Sanatlar ve Tasar\u0131m Fak\u00fcltesi G\u00f6rsel \u0130leti\u015fim Tasar\u0131m\u0131 B\u00f6l\u00fcm\u00fc\u2019nde e\u011fitimini s\u00fcrd\u00fcren&#8230;<\/p>\n","protected":false},"author":1,"featured_media":86340,"comment_status":"open","ping_status":"open","sticky":false,"template":"","format":"standard","meta":{"_crdt_document":"","footnotes":""},"categories":[1],"tags":[],"class_list":["post-86339","post","type-post","status-publish","format-standard","has-post-thumbnail","hentry","category-guncel"],"_links":{"self":[{"href":"https:\/\/www.egemtv.com\/index.php?rest_route=\/wp\/v2\/posts\/86339","targetHints":{"allow":["GET"]}}],"collection":[{"href":"https:\/\/www.egemtv.com\/index.php?rest_route=\/wp\/v2\/posts"}],"about":[{"href":"https:\/\/www.egemtv.com\/index.php?rest_route=\/wp\/v2\/types\/post"}],"author":[{"embeddable":true,"href":"https:\/\/www.egemtv.com\/index.php?rest_route=\/wp\/v2\/users\/1"}],"replies":[{"embeddable":true,"href":"https:\/\/www.egemtv.com\/index.php?rest_route=%2Fwp%2Fv2%2Fcomments&post=86339"}],"version-history":[{"count":1,"href":"https:\/\/www.egemtv.com\/index.php?rest_route=\/wp\/v2\/posts\/86339\/revisions"}],"predecessor-version":[{"id":86341,"href":"https:\/\/www.egemtv.com\/index.php?rest_route=\/wp\/v2\/posts\/86339\/revisions\/86341"}],"wp:featuredmedia":[{"embeddable":true,"href":"https:\/\/www.egemtv.com\/index.php?rest_route=\/wp\/v2\/media\/86340"}],"wp:attachment":[{"href":"https:\/\/www.egemtv.com\/index.php?rest_route=%2Fwp%2Fv2%2Fmedia&parent=86339"}],"wp:term":[{"taxonomy":"category","embeddable":true,"href":"https:\/\/www.egemtv.com\/index.php?rest_route=%2Fwp%2Fv2%2Fcategories&post=86339"},{"taxonomy":"post_tag","embeddable":true,"href":"https:\/\/www.egemtv.com\/index.php?rest_route=%2Fwp%2Fv2%2Ftags&post=86339"}],"curies":[{"name":"wp","href":"https:\/\/api.w.org\/{rel}","templated":true}]}}