{"id":86336,"date":"2026-02-09T09:14:49","date_gmt":"2026-02-09T06:14:49","guid":{"rendered":"https:\/\/www.egemtv.com\/?p=86336"},"modified":"2026-02-09T09:14:51","modified_gmt":"2026-02-09T06:14:51","slug":"kusadasindaki-okul-ascilik-yarismasinda-bolge-birincisi-oldu","status":"publish","type":"post","link":"https:\/\/www.egemtv.com\/?p=86336","title":{"rendered":"Ku\u015fadas\u0131\u2019ndaki okul a\u015f\u00e7\u0131l\u0131k yar\u0131\u015fmas\u0131nda b\u00f6lge birincisi oldu"},"content":{"rendered":"<p>Ku\u015fadas\u0131 G\u00fcvercinada Mesleki ve Teknik Anadolu Lisesi, a\u015f\u00e7\u0131l\u0131k yar\u0131\u015fmas\u0131nda b\u00f6lge birincili\u011fini elde etti.<br \/>\n<br \/>Milli E\u011fitim Bakanl\u0131\u011f\u0131 Mesleki ve Teknik E\u011fitim Genel M\u00fcd\u00fcrl\u00fc\u011f\u00fc taraf\u0131ndan d\u00fczenlenen 2. Uluslararas\u0131 Gastronomi Festivali ve A\u015f\u00e7\u0131l\u0131k Yar\u0131\u015fmas\u0131\u2019nda (Gastro Fest), Ku\u015fadas\u0131 G\u00fcvercinada Mesleki ve Teknik Anadolu Lisesi Yiyecek \u0130\u00e7ecek Hizmetleri Alan \u00d6\u011fretmeni Yeliz Ak\u00e7\u0131nar Ball\u0131 ile \u00f6\u011frenciler \u0130brahim Aksu, Nazl\u0131 \u00c7etin ve Hicran K\u00fcm\u00fc\u015f, b\u00f6lge birincisi oldu. Okul bu ba\u015far\u0131s\u0131yla T\u00fcrkiye Finallerine kat\u0131lmay\u0131 elde etti.<br \/>\n<br \/>Ayd\u0131n \u0130l Milli E\u011fitim M\u00fcd\u00fcrl\u00fc\u011f\u00fc\u2019nden yap\u0131lan a\u00e7\u0131klamada, &#8220;B\u00f6lge birincili\u011fiyle T\u00fcrkiye Finallerine kat\u0131lma hakk\u0131 kazanan \u00f6\u011fretmen ve \u00f6\u011frencilerimizi ortaya koyduklar\u0131 gayret ve kararl\u0131l\u0131k i\u00e7in tebrik ediyor, T\u00fcrkiye Finallerinde ba\u015far\u0131lar\u0131n\u0131n artarak devam edece\u011fine y\u00fcrekten inan\u0131yoruz&#8221; denildi.<br \/><\/p>\n","protected":false},"excerpt":{"rendered":"<p>Ku\u015fadas\u0131 G\u00fcvercinada Mesleki ve Teknik Anadolu Lisesi, a\u015f\u00e7\u0131l\u0131k yar\u0131\u015fmas\u0131nda b\u00f6lge birincili\u011fini elde etti. Milli E\u011fitim Bakanl\u0131\u011f\u0131 Mesleki ve Teknik E\u011fitim Genel M\u00fcd\u00fcrl\u00fc\u011f\u00fc taraf\u0131ndan d\u00fczenlenen 2. Uluslararas\u0131 Gastronomi Festivali ve A\u015f\u00e7\u0131l\u0131k Yar\u0131\u015fmas\u0131\u2019nda (Gastro Fest), Ku\u015fadas\u0131 G\u00fcvercinada Mesleki ve Teknik Anadolu Lisesi Yiyecek \u0130\u00e7ecek Hizmetleri Alan \u00d6\u011fretmeni Yeliz Ak\u00e7\u0131nar Ball\u0131 ile \u00f6\u011frenciler \u0130brahim Aksu, Nazl\u0131 \u00c7etin ve&#8230;<\/p>\n","protected":false},"author":1,"featured_media":86337,"comment_status":"open","ping_status":"open","sticky":false,"template":"","format":"standard","meta":{"_crdt_document":"","footnotes":""},"categories":[1],"tags":[],"class_list":["post-86336","post","type-post","status-publish","format-standard","has-post-thumbnail","hentry","category-guncel"],"_links":{"self":[{"href":"https:\/\/www.egemtv.com\/index.php?rest_route=\/wp\/v2\/posts\/86336","targetHints":{"allow":["GET"]}}],"collection":[{"href":"https:\/\/www.egemtv.com\/index.php?rest_route=\/wp\/v2\/posts"}],"about":[{"href":"https:\/\/www.egemtv.com\/index.php?rest_route=\/wp\/v2\/types\/post"}],"author":[{"embeddable":true,"href":"https:\/\/www.egemtv.com\/index.php?rest_route=\/wp\/v2\/users\/1"}],"replies":[{"embeddable":true,"href":"https:\/\/www.egemtv.com\/index.php?rest_route=%2Fwp%2Fv2%2Fcomments&post=86336"}],"version-history":[{"count":1,"href":"https:\/\/www.egemtv.com\/index.php?rest_route=\/wp\/v2\/posts\/86336\/revisions"}],"predecessor-version":[{"id":86338,"href":"https:\/\/www.egemtv.com\/index.php?rest_route=\/wp\/v2\/posts\/86336\/revisions\/86338"}],"wp:featuredmedia":[{"embeddable":true,"href":"https:\/\/www.egemtv.com\/index.php?rest_route=\/wp\/v2\/media\/86337"}],"wp:attachment":[{"href":"https:\/\/www.egemtv.com\/index.php?rest_route=%2Fwp%2Fv2%2Fmedia&parent=86336"}],"wp:term":[{"taxonomy":"category","embeddable":true,"href":"https:\/\/www.egemtv.com\/index.php?rest_route=%2Fwp%2Fv2%2Fcategories&post=86336"},{"taxonomy":"post_tag","embeddable":true,"href":"https:\/\/www.egemtv.com\/index.php?rest_route=%2Fwp%2Fv2%2Ftags&post=86336"}],"curies":[{"name":"wp","href":"https:\/\/api.w.org\/{rel}","templated":true}]}}